{"id":567,"date":"2021-03-23T19:08:00","date_gmt":"2021-03-23T18:08:00","guid":{"rendered":"https:\/\/www.cerstveovocie.sk\/?p=567"},"modified":"2021-04-19T22:29:06","modified_gmt":"2021-04-19T20:29:06","slug":"zena-so-satkou-na-hlave-co-specifikuje-jej-identitu-a-stalo-sa-jej-osobnym-stylom-pre-ktory-ju-kazdy-lahko-spozna","status":"publish","type":"post","link":"https:\/\/d.r1.wbsprt.com\/cerstveovocie.sk\/zena-so-satkou-na-hlave-co-specifikuje-jej-identitu-a-stalo-sa-jej-osobnym-stylom-pre-ktory-ju-kazdy-lahko-spozna\/","title":{"rendered":"\u017dena so \u0161atkou na hlave, \u010do \u0161pecifikuje jej identitu a stalo sa jej osobn\u00fdm \u0161t\u00fdlom, pre ktor\u00fd ju ka\u017ed\u00fd \u013eahko spozn\u00e1"},"content":{"rendered":"\n<p class=\"has-medium-font-size\">V\u0161etko sa to za\u010dalo v roku 2018, kedy e\u0161te drav\u00fa event mana\u017e\u00e9rku postretlo vz\u00e1cne autoimunitn\u00e9 ochorenie, ktor\u00e9 sp\u00f4sobuje samovo\u013en\u00e9 vypad\u00e1vanie vlasov. Diagnostika alop\u00e9cie ju priviedla a\u017e na Sr\u00ed Lanku, kde sa nau\u010dila spomali\u0165, prija\u0165 ak\u00e9ko\u013evek my\u0161lienky a n\u00e1js\u0165 si \u010das na ich utriedenie. Spoznala viac sam\u00fa seba a nau\u010dila sa viac vychutna\u0165 pr\u00edtomn\u00fd okamih. Sr\u00ed Lanka jej priniesla mo\u017enos\u0165 n\u00e1js\u0165 vn\u00fatorn\u00fd pokoj a zamyslie\u0165 sa nad \u013eudsk\u00fdmi hodnotami. V tom \u010dase z\u00e1rove\u0148 za\u010dala pracova\u0165 aj na zna\u010dke moonlou, ktorej produkty niesli, ako sama vrav\u00ed, jej pocity a sk\u00fasenosti. V spolupr\u00e1ci s miestnym obchodn\u00edkom na Sr\u00ed Lanke za\u010dali v tamoj\u0161ej kraj\u010d\u00edrskej dielni vyr\u00e1ba\u0165 \u010delenky, turbany a \u0161atky pre \u017eeny, ktor\u00e9, podobne ako ona, pri\u0161li o vlasy. N\u00e1pad s v\u00fdrobou turbanov vznikol e\u0161te na Slovensku, ke\u010f Lujza h\u013eadala vhodn\u00fa pokr\u00fdvky hlavy. Vtedy si na hlavu viazala r\u00f4zne farebn\u00e9 \u0161atky, ktor\u00e9 sa stretli s pozit\u00edvnymi ohlasmi u \u017eien. A tak vznikla prv\u00e1 my\u0161lienka. Onedlho Lujza pri\u0161la s prvou moonlou kolekciou, ktor\u00fa po pol roku na Sr\u00ed Lanke priniesla na Slovensko.<\/p>\n\n\n\n<p>Lujza P\u00fachyov\u00e1 je milovn\u00ed\u010dkou cestovania, h\u00f4r, dobrej k\u00e1vy a ve\u013ekou m\u00f3dnou nad\u0161enky\u0148ou. Ke\u010f sa na \u0148u pozriete, vid\u00edte usmiate diev\u010da. Dnes sa t\u00e1to mlad\u00e1 podnikate\u013eka venuje svojmu projektu naplno a nie je to len biznis. V\u010faka tomuto projektu m\u00e1 mo\u017enos\u0165 \u0161\u00edri\u0165 vlastn\u00fa filozofiu. Dokonca aj zna\u010dka moonlou si nesie svoje motto: \u201eEnjoy being you\u201c, teda prija\u0165 sa tak\u00ed ak\u00ed sme, objavi\u0165 na\u0161u jedine\u010dnos\u0165 a hrdo ju nosi\u0165. Zna\u010dkou sa sna\u017e\u00ed \u0161\u00edri\u0165 my\u0161lienku vn\u00fatornej kr\u00e1sy, podporova\u0165 \u017eeny k odvahe a sprev\u00e1dza\u0165 ich na ceste k&nbsp;sebad\u00f4vere. Zo Sr\u00ed Lanky pre\u0161la do lok\u00e1lnej slovenskej v\u00fdroby a okrem online obchodu vst\u00fapila aj do zdravotn\u00edckeho sektora. Moment\u00e1lne produkty distribuuje do nemocni\u010dn\u00fdch lek\u00e1rn\u00ed na Slovensku a rozbieha spolupr\u00e1cu aj s \u010desk\u00fdmi nemocnicami. A ke\u010f\u017ee u\u017e od za\u010diatku zna\u010dky bolo jej poslan\u00edm prostredn\u00edctvom \u0161atiek a turbanov pom\u00e1ha\u0165 druh\u00fdm, spojila sa s viacer\u00fdmi organiz\u00e1ciami, ako napr\u00edklad Dobr\u00fd anjel, Liga proti rakovine alebo Amazonky, ktor\u00e9 svojimi aktivitami podporuj\u00fa zranite\u013en\u00fdch.<\/p>\n\n\n\n<p>Projekt moonlou sa naplno venuje turbanom, no v jeho ponuke n\u00e1jdete aj \u010delenky, \u0161atky a gumi\u010dky, ktor\u00e9 s\u00fa tie\u017e \u0161t\u00fdlov\u00fdmi doplnkami. Cie\u013eovou skupinou s\u00fa \u017eeny, ktor\u00e9 maj\u00fa chu\u0165 sk\u00fasi\u0165 nie\u010do nov\u00e9, netradi\u010dn\u00e9 a odv\u00e1\u017ene vykro\u010di\u0165 vpred. Moonlou \u0161ijeme pre \u017eeny, ktor\u00e9 vlasy maj\u00fa, ako aj pre \u017eeny, ktor\u00e9 o ne z r\u00f4znych d\u00f4vodov pri\u0161li. Turbany s\u00fa m\u00f3dnym doplnkom, no z\u00e1rove\u0148 aj pom\u00f4ckou a pr\u00e1ve to sp\u00e1ja v\u0161etky \u017eeny bez rozdielu. Moonlou motivuje \u017eeny k odvahe, oslavuje nedokonalosti a \u0161\u00edri my\u0161lienku vn\u00fatorn\u00e9ho \u0161\u0165astia a kr\u00e1sy. Lujza je presved\u010den\u00e1, \u017ee ka\u017ed\u00e1 \u017eena sa m\u00f4\u017ee c\u00edti\u0165 kr\u00e1sna vo svojej vlastnej ko\u017ei.<\/p>\n\n\n\n<hr class=\"wp-block-separator has-text-color has-background\" style=\"background-color:#ff2ac4;color:#ff2ac4\"\/>\n\n\n\n<div class=\"wp-block-buttons is-layout-flex wp-block-buttons-is-layout-flex\">\n<div class=\"wp-block-button\"><a class=\"wp-block-button__link has-background\" href=\"https:\/\/www.moonlou.com\/\" style=\"background-color:#ff2ac4\" target=\"_blank\" rel=\"noreferrer noopener\">WEB<\/a><\/div>\n\n\n\n<div class=\"wp-block-button\"><a class=\"wp-block-button__link has-background\" href=\"https:\/\/www.facebook.com\/moonlouofficial\" style=\"background-color:#ff2ac4\" target=\"_blank\" rel=\"noreferrer noopener\">FACEBOOK<\/a><\/div>\n\n\n\n<div class=\"wp-block-button\"><a class=\"wp-block-button__link has-background\" href=\"https:\/\/www.instagram.com\/moonlouofficial\" style=\"background-color:#ff2ac4\" target=\"_blank\" rel=\"noreferrer noopener\">INSTAGRAM<\/a><\/div>\n<\/div>\n\n\n\n<div style=\"height:100px\" aria-hidden=\"true\" class=\"wp-block-spacer\"><\/div>\n\n\n\n<iframe loading=\"lazy\" width=\"100%\" height=\"400\" src=\"https:\/\/www.mixcloud.com\/widget\/iframe\/?light=1&amp;feed=%2FCerstve_Ovocie%2Fmoonlou-%C5%BEena-so-%C5%A1atkou-na-hlave-%C4%8Do-%C5%A1pecifikuje-jej-identitu-a-stalo-sa-jej-osobn%C3%BDm-%C5%A1t%C3%BDlom%2F\" frameborder=\"0\"><\/iframe>\n\n\n\n<hr class=\"wp-block-separator has-text-color has-background\" style=\"background-color:#ff2ac4;color:#ff2ac4\"\/>\n\n\n\nngg_shortcode_0_placeholder\n","protected":false},"excerpt":{"rendered":"<p>V\u0161etko sa to za\u010dalo v roku 2018, kedy e\u0161te drav\u00fa event mana\u017e\u00e9rku postretlo vz\u00e1cne autoimunitn\u00e9 ochorenie, ktor\u00e9 sp\u00f4sobuje samovo\u013en\u00e9 vypad\u00e1vanie vlasov. Diagnostika alop\u00e9cie ju priviedla a\u017e na Sr\u00ed Lanku, kde sa nau\u010dila spomali\u0165, prija\u0165 ak\u00e9ko\u013evek my\u0161lienky a n\u00e1js\u0165 si \u010das na ich utriedenie. Spoznala viac sam\u00fa seba a nau\u010dila sa viac vychutna\u0165 pr\u00edtomn\u00fd okamih. Sr\u00ed [&hellip;]<\/p>\n","protected":false},"author":3,"featured_media":568,"comment_status":"open","ping_status":"open","sticky":false,"template":"","format":"standard","meta":{"_monsterinsights_skip_tracking":false,"_monsterinsights_sitenote_active":false,"_monsterinsights_sitenote_note":"","_monsterinsights_sitenote_category":0,"ngg_post_thumbnail":0,"footnotes":""},"categories":[30,31],"tags":[7,5,34,65,66],"class_list":["post-567","post","type-post","status-publish","format-standard","has-post-thumbnail","hentry","category-cerstve-ovocie","category-novinky","tag-cerstve-ovocie_fm","tag-dizajn","tag-efemko","tag-modne-doplnky","tag-turban"],"yoast_head":"<!-- This site is optimized with the Yoast SEO plugin v26.8 - https:\/\/yoast.com\/product\/yoast-seo-wordpress\/ -->\n<title>\u017dena so \u0161atkou na hlave, \u010do \u0161pecifikuje jej identitu a stalo sa jej osobn\u00fdm \u0161t\u00fdlom, pre ktor\u00fd ju ka\u017ed\u00fd \u013eahko spozn\u00e1 - \u010cerstv\u00e9 Ovocie<\/title>\n<meta name=\"robots\" content=\"index, follow, max-snippet:-1, max-image-preview:large, max-video-preview:-1\" \/>\n<link rel=\"canonical\" href=\"https:\/\/d.r1.wbsprt.com\/cerstveovocie.sk\/zena-so-satkou-na-hlave-co-specifikuje-jej-identitu-a-stalo-sa-jej-osobnym-stylom-pre-ktory-ju-kazdy-lahko-spozna\/\" \/>\n<meta property=\"og:locale\" content=\"sk_SK\" \/>\n<meta property=\"og:type\" content=\"article\" \/>\n<meta property=\"og:title\" content=\"\u017dena so \u0161atkou na hlave, \u010do \u0161pecifikuje jej identitu a stalo sa jej osobn\u00fdm \u0161t\u00fdlom, pre ktor\u00fd ju ka\u017ed\u00fd \u013eahko spozn\u00e1 - \u010cerstv\u00e9 Ovocie\" \/>\n<meta property=\"og:description\" content=\"V\u0161etko sa to za\u010dalo v roku 2018, kedy e\u0161te drav\u00fa event mana\u017e\u00e9rku postretlo vz\u00e1cne autoimunitn\u00e9 ochorenie, ktor\u00e9 sp\u00f4sobuje samovo\u013en\u00e9 vypad\u00e1vanie vlasov. Diagnostika alop\u00e9cie ju priviedla a\u017e na Sr\u00ed Lanku, kde sa nau\u010dila spomali\u0165, prija\u0165 ak\u00e9ko\u013evek my\u0161lienky a n\u00e1js\u0165 si \u010das na ich utriedenie. Spoznala viac sam\u00fa seba a nau\u010dila sa viac vychutna\u0165 pr\u00edtomn\u00fd okamih. Sr\u00ed [&hellip;]\" \/>\n<meta property=\"og:url\" content=\"https:\/\/d.r1.wbsprt.com\/cerstveovocie.sk\/zena-so-satkou-na-hlave-co-specifikuje-jej-identitu-a-stalo-sa-jej-osobnym-stylom-pre-ktory-ju-kazdy-lahko-spozna\/\" \/>\n<meta property=\"og:site_name\" content=\"\u010cerstv\u00e9 Ovocie\" \/>\n<meta property=\"article:published_time\" content=\"2021-03-23T18:08:00+00:00\" \/>\n<meta property=\"article:modified_time\" content=\"2021-04-19T20:29:06+00:00\" \/>\n<meta property=\"og:image\" content=\"https:\/\/d.r1.wbsprt.com\/cerstveovocie.sk\/wp-content\/uploads\/2021\/03\/moonlou_01.jpg\" \/>\n\t<meta property=\"og:image:width\" content=\"1200\" \/>\n\t<meta property=\"og:image:height\" content=\"799\" \/>\n\t<meta property=\"og:image:type\" content=\"image\/jpeg\" \/>\n<meta name=\"author\" content=\"Martin Brix\" \/>\n<meta name=\"twitter:card\" content=\"summary_large_image\" \/>\n<meta name=\"twitter:label1\" content=\"Autor\" \/>\n\t<meta name=\"twitter:data1\" content=\"Martin Brix\" \/>\n\t<meta name=\"twitter:label2\" content=\"Predpokladan\u00fd \u010das \u010d\u00edtania\" \/>\n\t<meta name=\"twitter:data2\" content=\"2 min\u00faty\" \/>\n<script type=\"application\/ld+json\" class=\"yoast-schema-graph\">{\"@context\":\"https:\/\/schema.org\",\"@graph\":[{\"@type\":\"Article\",\"@id\":\"https:\/\/d.r1.wbsprt.com\/cerstveovocie.sk\/zena-so-satkou-na-hlave-co-specifikuje-jej-identitu-a-stalo-sa-jej-osobnym-stylom-pre-ktory-ju-kazdy-lahko-spozna\/#article\",\"isPartOf\":{\"@id\":\"https:\/\/d.r1.wbsprt.com\/cerstveovocie.sk\/zena-so-satkou-na-hlave-co-specifikuje-jej-identitu-a-stalo-sa-jej-osobnym-stylom-pre-ktory-ju-kazdy-lahko-spozna\/\"},\"author\":{\"name\":\"Martin Brix\",\"@id\":\"https:\/\/www.cerstveovocie.sk\/#\/schema\/person\/8e202c9288643a126812bf9c72605646\"},\"headline\":\"\u017dena so \u0161atkou na hlave, \u010do \u0161pecifikuje jej identitu a stalo sa jej osobn\u00fdm \u0161t\u00fdlom, pre ktor\u00fd ju ka\u017ed\u00fd \u013eahko spozn\u00e1\",\"datePublished\":\"2021-03-23T18:08:00+00:00\",\"dateModified\":\"2021-04-19T20:29:06+00:00\",\"mainEntityOfPage\":{\"@id\":\"https:\/\/d.r1.wbsprt.com\/cerstveovocie.sk\/zena-so-satkou-na-hlave-co-specifikuje-jej-identitu-a-stalo-sa-jej-osobnym-stylom-pre-ktory-ju-kazdy-lahko-spozna\/\"},\"wordCount\":582,\"commentCount\":0,\"image\":{\"@id\":\"https:\/\/d.r1.wbsprt.com\/cerstveovocie.sk\/zena-so-satkou-na-hlave-co-specifikuje-jej-identitu-a-stalo-sa-jej-osobnym-stylom-pre-ktory-ju-kazdy-lahko-spozna\/#primaryimage\"},\"thumbnailUrl\":\"https:\/\/d.r1.wbsprt.com\/cerstveovocie.sk\/wp-content\/uploads\/2021\/03\/moonlou_01.jpg\",\"keywords\":[\"\u010derstv\u00e9 ovocie_fm\",\"dizajn\",\"efemko\",\"m\u00f3dne doplnky\",\"turban\"],\"articleSection\":[\"\u010cerstv\u00e9 Ovocie\",\"Novinky\"],\"inLanguage\":\"sk-SK\",\"potentialAction\":[{\"@type\":\"CommentAction\",\"name\":\"Comment\",\"target\":[\"https:\/\/d.r1.wbsprt.com\/cerstveovocie.sk\/zena-so-satkou-na-hlave-co-specifikuje-jej-identitu-a-stalo-sa-jej-osobnym-stylom-pre-ktory-ju-kazdy-lahko-spozna\/#respond\"]}]},{\"@type\":\"WebPage\",\"@id\":\"https:\/\/d.r1.wbsprt.com\/cerstveovocie.sk\/zena-so-satkou-na-hlave-co-specifikuje-jej-identitu-a-stalo-sa-jej-osobnym-stylom-pre-ktory-ju-kazdy-lahko-spozna\/\",\"url\":\"https:\/\/d.r1.wbsprt.com\/cerstveovocie.sk\/zena-so-satkou-na-hlave-co-specifikuje-jej-identitu-a-stalo-sa-jej-osobnym-stylom-pre-ktory-ju-kazdy-lahko-spozna\/\",\"name\":\"\u017dena so \u0161atkou na hlave, \u010do \u0161pecifikuje jej identitu a stalo sa jej osobn\u00fdm \u0161t\u00fdlom, pre ktor\u00fd ju ka\u017ed\u00fd \u013eahko spozn\u00e1 - \u010cerstv\u00e9 Ovocie\",\"isPartOf\":{\"@id\":\"https:\/\/www.cerstveovocie.sk\/#website\"},\"primaryImageOfPage\":{\"@id\":\"https:\/\/d.r1.wbsprt.com\/cerstveovocie.sk\/zena-so-satkou-na-hlave-co-specifikuje-jej-identitu-a-stalo-sa-jej-osobnym-stylom-pre-ktory-ju-kazdy-lahko-spozna\/#primaryimage\"},\"image\":{\"@id\":\"https:\/\/d.r1.wbsprt.com\/cerstveovocie.sk\/zena-so-satkou-na-hlave-co-specifikuje-jej-identitu-a-stalo-sa-jej-osobnym-stylom-pre-ktory-ju-kazdy-lahko-spozna\/#primaryimage\"},\"thumbnailUrl\":\"https:\/\/d.r1.wbsprt.com\/cerstveovocie.sk\/wp-content\/uploads\/2021\/03\/moonlou_01.jpg\",\"datePublished\":\"2021-03-23T18:08:00+00:00\",\"dateModified\":\"2021-04-19T20:29:06+00:00\",\"author\":{\"@id\":\"https:\/\/www.cerstveovocie.sk\/#\/schema\/person\/8e202c9288643a126812bf9c72605646\"},\"breadcrumb\":{\"@id\":\"https:\/\/d.r1.wbsprt.com\/cerstveovocie.sk\/zena-so-satkou-na-hlave-co-specifikuje-jej-identitu-a-stalo-sa-jej-osobnym-stylom-pre-ktory-ju-kazdy-lahko-spozna\/#breadcrumb\"},\"inLanguage\":\"sk-SK\",\"potentialAction\":[{\"@type\":\"ReadAction\",\"target\":[\"https:\/\/d.r1.wbsprt.com\/cerstveovocie.sk\/zena-so-satkou-na-hlave-co-specifikuje-jej-identitu-a-stalo-sa-jej-osobnym-stylom-pre-ktory-ju-kazdy-lahko-spozna\/\"]}]},{\"@type\":\"ImageObject\",\"inLanguage\":\"sk-SK\",\"@id\":\"https:\/\/d.r1.wbsprt.com\/cerstveovocie.sk\/zena-so-satkou-na-hlave-co-specifikuje-jej-identitu-a-stalo-sa-jej-osobnym-stylom-pre-ktory-ju-kazdy-lahko-spozna\/#primaryimage\",\"url\":\"https:\/\/d.r1.wbsprt.com\/cerstveovocie.sk\/wp-content\/uploads\/2021\/03\/moonlou_01.jpg\",\"contentUrl\":\"https:\/\/d.r1.wbsprt.com\/cerstveovocie.sk\/wp-content\/uploads\/2021\/03\/moonlou_01.jpg\",\"width\":1200,\"height\":799},{\"@type\":\"BreadcrumbList\",\"@id\":\"https:\/\/d.r1.wbsprt.com\/cerstveovocie.sk\/zena-so-satkou-na-hlave-co-specifikuje-jej-identitu-a-stalo-sa-jej-osobnym-stylom-pre-ktory-ju-kazdy-lahko-spozna\/#breadcrumb\",\"itemListElement\":[{\"@type\":\"ListItem\",\"position\":1,\"name\":\"Home\",\"item\":\"https:\/\/www.cerstveovocie.sk\/\"},{\"@type\":\"ListItem\",\"position\":2,\"name\":\"\u017dena so \u0161atkou na hlave, \u010do \u0161pecifikuje jej identitu a stalo sa jej osobn\u00fdm \u0161t\u00fdlom, pre ktor\u00fd ju ka\u017ed\u00fd \u013eahko spozn\u00e1\"}]},{\"@type\":\"WebSite\",\"@id\":\"https:\/\/www.cerstveovocie.sk\/#website\",\"url\":\"https:\/\/www.cerstveovocie.sk\/\",\"name\":\"\u010cerstv\u00e9 Ovocie\",\"description\":\"V\u00fd\u017eivn\u00e1 porcia lok\u00e1lnej tvorby.\",\"potentialAction\":[{\"@type\":\"SearchAction\",\"target\":{\"@type\":\"EntryPoint\",\"urlTemplate\":\"https:\/\/www.cerstveovocie.sk\/?s={search_term_string}\"},\"query-input\":{\"@type\":\"PropertyValueSpecification\",\"valueRequired\":true,\"valueName\":\"search_term_string\"}}],\"inLanguage\":\"sk-SK\"},{\"@type\":\"Person\",\"@id\":\"https:\/\/www.cerstveovocie.sk\/#\/schema\/person\/8e202c9288643a126812bf9c72605646\",\"name\":\"Martin Brix\",\"image\":{\"@type\":\"ImageObject\",\"inLanguage\":\"sk-SK\",\"@id\":\"https:\/\/www.cerstveovocie.sk\/#\/schema\/person\/image\/\",\"url\":\"https:\/\/secure.gravatar.com\/avatar\/6af874eeaf8969d475094f41c59f338c12819f2025832a5aa203c0d29ad36294?s=96&d=mm&r=g\",\"contentUrl\":\"https:\/\/secure.gravatar.com\/avatar\/6af874eeaf8969d475094f41c59f338c12819f2025832a5aa203c0d29ad36294?s=96&d=mm&r=g\",\"caption\":\"Martin Brix\"},\"url\":\"https:\/\/d.r1.wbsprt.com\/cerstveovocie.sk\/author\/brix\/\"}]}<\/script>\n<!-- \/ Yoast SEO plugin. -->","yoast_head_json":{"title":"\u017dena so \u0161atkou na hlave, \u010do \u0161pecifikuje jej identitu a stalo sa jej osobn\u00fdm \u0161t\u00fdlom, pre ktor\u00fd ju ka\u017ed\u00fd \u013eahko spozn\u00e1 - \u010cerstv\u00e9 Ovocie","robots":{"index":"index","follow":"follow","max-snippet":"max-snippet:-1","max-image-preview":"max-image-preview:large","max-video-preview":"max-video-preview:-1"},"canonical":"https:\/\/d.r1.wbsprt.com\/cerstveovocie.sk\/zena-so-satkou-na-hlave-co-specifikuje-jej-identitu-a-stalo-sa-jej-osobnym-stylom-pre-ktory-ju-kazdy-lahko-spozna\/","og_locale":"sk_SK","og_type":"article","og_title":"\u017dena so \u0161atkou na hlave, \u010do \u0161pecifikuje jej identitu a stalo sa jej osobn\u00fdm \u0161t\u00fdlom, pre ktor\u00fd ju ka\u017ed\u00fd \u013eahko spozn\u00e1 - \u010cerstv\u00e9 Ovocie","og_description":"V\u0161etko sa to za\u010dalo v roku 2018, kedy e\u0161te drav\u00fa event mana\u017e\u00e9rku postretlo vz\u00e1cne autoimunitn\u00e9 ochorenie, ktor\u00e9 sp\u00f4sobuje samovo\u013en\u00e9 vypad\u00e1vanie vlasov. Diagnostika alop\u00e9cie ju priviedla a\u017e na Sr\u00ed Lanku, kde sa nau\u010dila spomali\u0165, prija\u0165 ak\u00e9ko\u013evek my\u0161lienky a n\u00e1js\u0165 si \u010das na ich utriedenie. Spoznala viac sam\u00fa seba a nau\u010dila sa viac vychutna\u0165 pr\u00edtomn\u00fd okamih. Sr\u00ed [&hellip;]","og_url":"https:\/\/d.r1.wbsprt.com\/cerstveovocie.sk\/zena-so-satkou-na-hlave-co-specifikuje-jej-identitu-a-stalo-sa-jej-osobnym-stylom-pre-ktory-ju-kazdy-lahko-spozna\/","og_site_name":"\u010cerstv\u00e9 Ovocie","article_published_time":"2021-03-23T18:08:00+00:00","article_modified_time":"2021-04-19T20:29:06+00:00","og_image":[{"width":1200,"height":799,"url":"https:\/\/d.r1.wbsprt.com\/cerstveovocie.sk\/wp-content\/uploads\/2021\/03\/moonlou_01.jpg","type":"image\/jpeg"}],"author":"Martin Brix","twitter_card":"summary_large_image","twitter_misc":{"Autor":"Martin Brix","Predpokladan\u00fd \u010das \u010d\u00edtania":"2 min\u00faty"},"schema":{"@context":"https:\/\/schema.org","@graph":[{"@type":"Article","@id":"https:\/\/d.r1.wbsprt.com\/cerstveovocie.sk\/zena-so-satkou-na-hlave-co-specifikuje-jej-identitu-a-stalo-sa-jej-osobnym-stylom-pre-ktory-ju-kazdy-lahko-spozna\/#article","isPartOf":{"@id":"https:\/\/d.r1.wbsprt.com\/cerstveovocie.sk\/zena-so-satkou-na-hlave-co-specifikuje-jej-identitu-a-stalo-sa-jej-osobnym-stylom-pre-ktory-ju-kazdy-lahko-spozna\/"},"author":{"name":"Martin Brix","@id":"https:\/\/www.cerstveovocie.sk\/#\/schema\/person\/8e202c9288643a126812bf9c72605646"},"headline":"\u017dena so \u0161atkou na hlave, \u010do \u0161pecifikuje jej identitu a stalo sa jej osobn\u00fdm \u0161t\u00fdlom, pre ktor\u00fd ju ka\u017ed\u00fd \u013eahko spozn\u00e1","datePublished":"2021-03-23T18:08:00+00:00","dateModified":"2021-04-19T20:29:06+00:00","mainEntityOfPage":{"@id":"https:\/\/d.r1.wbsprt.com\/cerstveovocie.sk\/zena-so-satkou-na-hlave-co-specifikuje-jej-identitu-a-stalo-sa-jej-osobnym-stylom-pre-ktory-ju-kazdy-lahko-spozna\/"},"wordCount":582,"commentCount":0,"image":{"@id":"https:\/\/d.r1.wbsprt.com\/cerstveovocie.sk\/zena-so-satkou-na-hlave-co-specifikuje-jej-identitu-a-stalo-sa-jej-osobnym-stylom-pre-ktory-ju-kazdy-lahko-spozna\/#primaryimage"},"thumbnailUrl":"https:\/\/d.r1.wbsprt.com\/cerstveovocie.sk\/wp-content\/uploads\/2021\/03\/moonlou_01.jpg","keywords":["\u010derstv\u00e9 ovocie_fm","dizajn","efemko","m\u00f3dne doplnky","turban"],"articleSection":["\u010cerstv\u00e9 Ovocie","Novinky"],"inLanguage":"sk-SK","potentialAction":[{"@type":"CommentAction","name":"Comment","target":["https:\/\/d.r1.wbsprt.com\/cerstveovocie.sk\/zena-so-satkou-na-hlave-co-specifikuje-jej-identitu-a-stalo-sa-jej-osobnym-stylom-pre-ktory-ju-kazdy-lahko-spozna\/#respond"]}]},{"@type":"WebPage","@id":"https:\/\/d.r1.wbsprt.com\/cerstveovocie.sk\/zena-so-satkou-na-hlave-co-specifikuje-jej-identitu-a-stalo-sa-jej-osobnym-stylom-pre-ktory-ju-kazdy-lahko-spozna\/","url":"https:\/\/d.r1.wbsprt.com\/cerstveovocie.sk\/zena-so-satkou-na-hlave-co-specifikuje-jej-identitu-a-stalo-sa-jej-osobnym-stylom-pre-ktory-ju-kazdy-lahko-spozna\/","name":"\u017dena so \u0161atkou na hlave, \u010do \u0161pecifikuje jej identitu a stalo sa jej osobn\u00fdm \u0161t\u00fdlom, pre ktor\u00fd ju ka\u017ed\u00fd \u013eahko spozn\u00e1 - \u010cerstv\u00e9 Ovocie","isPartOf":{"@id":"https:\/\/www.cerstveovocie.sk\/#website"},"primaryImageOfPage":{"@id":"https:\/\/d.r1.wbsprt.com\/cerstveovocie.sk\/zena-so-satkou-na-hlave-co-specifikuje-jej-identitu-a-stalo-sa-jej-osobnym-stylom-pre-ktory-ju-kazdy-lahko-spozna\/#primaryimage"},"image":{"@id":"https:\/\/d.r1.wbsprt.com\/cerstveovocie.sk\/zena-so-satkou-na-hlave-co-specifikuje-jej-identitu-a-stalo-sa-jej-osobnym-stylom-pre-ktory-ju-kazdy-lahko-spozna\/#primaryimage"},"thumbnailUrl":"https:\/\/d.r1.wbsprt.com\/cerstveovocie.sk\/wp-content\/uploads\/2021\/03\/moonlou_01.jpg","datePublished":"2021-03-23T18:08:00+00:00","dateModified":"2021-04-19T20:29:06+00:00","author":{"@id":"https:\/\/www.cerstveovocie.sk\/#\/schema\/person\/8e202c9288643a126812bf9c72605646"},"breadcrumb":{"@id":"https:\/\/d.r1.wbsprt.com\/cerstveovocie.sk\/zena-so-satkou-na-hlave-co-specifikuje-jej-identitu-a-stalo-sa-jej-osobnym-stylom-pre-ktory-ju-kazdy-lahko-spozna\/#breadcrumb"},"inLanguage":"sk-SK","potentialAction":[{"@type":"ReadAction","target":["https:\/\/d.r1.wbsprt.com\/cerstveovocie.sk\/zena-so-satkou-na-hlave-co-specifikuje-jej-identitu-a-stalo-sa-jej-osobnym-stylom-pre-ktory-ju-kazdy-lahko-spozna\/"]}]},{"@type":"ImageObject","inLanguage":"sk-SK","@id":"https:\/\/d.r1.wbsprt.com\/cerstveovocie.sk\/zena-so-satkou-na-hlave-co-specifikuje-jej-identitu-a-stalo-sa-jej-osobnym-stylom-pre-ktory-ju-kazdy-lahko-spozna\/#primaryimage","url":"https:\/\/d.r1.wbsprt.com\/cerstveovocie.sk\/wp-content\/uploads\/2021\/03\/moonlou_01.jpg","contentUrl":"https:\/\/d.r1.wbsprt.com\/cerstveovocie.sk\/wp-content\/uploads\/2021\/03\/moonlou_01.jpg","width":1200,"height":799},{"@type":"BreadcrumbList","@id":"https:\/\/d.r1.wbsprt.com\/cerstveovocie.sk\/zena-so-satkou-na-hlave-co-specifikuje-jej-identitu-a-stalo-sa-jej-osobnym-stylom-pre-ktory-ju-kazdy-lahko-spozna\/#breadcrumb","itemListElement":[{"@type":"ListItem","position":1,"name":"Home","item":"https:\/\/www.cerstveovocie.sk\/"},{"@type":"ListItem","position":2,"name":"\u017dena so \u0161atkou na hlave, \u010do \u0161pecifikuje jej identitu a stalo sa jej osobn\u00fdm \u0161t\u00fdlom, pre ktor\u00fd ju ka\u017ed\u00fd \u013eahko spozn\u00e1"}]},{"@type":"WebSite","@id":"https:\/\/www.cerstveovocie.sk\/#website","url":"https:\/\/www.cerstveovocie.sk\/","name":"\u010cerstv\u00e9 Ovocie","description":"V\u00fd\u017eivn\u00e1 porcia lok\u00e1lnej tvorby.","potentialAction":[{"@type":"SearchAction","target":{"@type":"EntryPoint","urlTemplate":"https:\/\/www.cerstveovocie.sk\/?s={search_term_string}"},"query-input":{"@type":"PropertyValueSpecification","valueRequired":true,"valueName":"search_term_string"}}],"inLanguage":"sk-SK"},{"@type":"Person","@id":"https:\/\/www.cerstveovocie.sk\/#\/schema\/person\/8e202c9288643a126812bf9c72605646","name":"Martin Brix","image":{"@type":"ImageObject","inLanguage":"sk-SK","@id":"https:\/\/www.cerstveovocie.sk\/#\/schema\/person\/image\/","url":"https:\/\/secure.gravatar.com\/avatar\/6af874eeaf8969d475094f41c59f338c12819f2025832a5aa203c0d29ad36294?s=96&d=mm&r=g","contentUrl":"https:\/\/secure.gravatar.com\/avatar\/6af874eeaf8969d475094f41c59f338c12819f2025832a5aa203c0d29ad36294?s=96&d=mm&r=g","caption":"Martin Brix"},"url":"https:\/\/d.r1.wbsprt.com\/cerstveovocie.sk\/author\/brix\/"}]}},"_links":{"self":[{"href":"https:\/\/d.r1.wbsprt.com\/cerstveovocie.sk\/wp-json\/wp\/v2\/posts\/567","targetHints":{"allow":["GET"]}}],"collection":[{"href":"https:\/\/d.r1.wbsprt.com\/cerstveovocie.sk\/wp-json\/wp\/v2\/posts"}],"about":[{"href":"https:\/\/d.r1.wbsprt.com\/cerstveovocie.sk\/wp-json\/wp\/v2\/types\/post"}],"author":[{"embeddable":true,"href":"https:\/\/d.r1.wbsprt.com\/cerstveovocie.sk\/wp-json\/wp\/v2\/users\/3"}],"replies":[{"embeddable":true,"href":"https:\/\/d.r1.wbsprt.com\/cerstveovocie.sk\/wp-json\/wp\/v2\/comments?post=567"}],"version-history":[{"count":4,"href":"https:\/\/d.r1.wbsprt.com\/cerstveovocie.sk\/wp-json\/wp\/v2\/posts\/567\/revisions"}],"predecessor-version":[{"id":704,"href":"https:\/\/d.r1.wbsprt.com\/cerstveovocie.sk\/wp-json\/wp\/v2\/posts\/567\/revisions\/704"}],"wp:featuredmedia":[{"embeddable":true,"href":"https:\/\/d.r1.wbsprt.com\/cerstveovocie.sk\/wp-json\/wp\/v2\/media\/568"}],"wp:attachment":[{"href":"https:\/\/d.r1.wbsprt.com\/cerstveovocie.sk\/wp-json\/wp\/v2\/media?parent=567"}],"wp:term":[{"taxonomy":"category","embeddable":true,"href":"https:\/\/d.r1.wbsprt.com\/cerstveovocie.sk\/wp-json\/wp\/v2\/categories?post=567"},{"taxonomy":"post_tag","embeddable":true,"href":"https:\/\/d.r1.wbsprt.com\/cerstveovocie.sk\/wp-json\/wp\/v2\/tags?post=567"}],"curies":[{"name":"wp","href":"https:\/\/api.w.org\/{rel}","templated":true}]}}