{"id":3229,"date":"2023-02-13T07:00:00","date_gmt":"2023-02-13T06:00:00","guid":{"rendered":"https:\/\/www.cerstveovocie.sk\/?p=3229"},"modified":"2023-03-20T09:55:17","modified_gmt":"2023-03-20T08:55:17","slug":"hovori-malo-aby-za-neho-mohli-rozpravat-samotne-obrazy","status":"publish","type":"post","link":"https:\/\/d.r1.wbsprt.com\/cerstveovocie.sk\/hovori-malo-aby-za-neho-mohli-rozpravat-samotne-obrazy\/","title":{"rendered":"Hovor\u00ed m\u00e1lo, aby za neho mohli rozpr\u00e1va\u0165 samotn\u00e9 obrazy"},"content":{"rendered":"\n<p class=\"has-medium-font-size\">U\u017e v&nbsp;pred\u0161kolskom veku r\u00e1d kreslil. Najrad\u0161ej prekres\u013eoval \u201edisneyovky\u201c, ktor\u00e9 mali v 90. rokoch ve\u013ek\u00fd \u00faspech. Presne si vie spomen\u00fa\u0165 na moment, ke\u010f dostal svoje prv\u00e9 vodov\u00e9 farby. Z\u00e1rove\u0148 ho podporovali aj rodi\u010dia, ktor\u00ed videli zmysel v&nbsp;jeho z\u00e1\u013eube. Podpora prich\u00e1dzala najm\u00e4 od otca, ke\u010f\u017ee jeho kon\u00ed\u010dkom bolo model\u00e1rstvo. V mladosti robil grafiky, linoryty, kreslil a bol ve\u013emi \u0161ikovn\u00fd a&nbsp;pre mlad\u00e9ho Miroslava mal pochopenie. Obaja rodi\u010dia ho viedli a podporovali, tak\u017ee si ma\u013ebu nikdy nemusel vydob\u00fdja\u0165 ako mnoho jeho spolu\u017eiakov. Cesta za umen\u00edm sa stala ve\u013emi prirodzen\u00e1. Na druhom stupni za\u010dal nav\u0161tevova\u0165 ateli\u00e9r Viery Bariakovej v Rajeck\u00fdch Tepliciach. Nesk\u00f4r nast\u00fapil na propaga\u010dn\u00e9 v\u00fdtvarn\u00edctvo pod veden\u00edm Stana Lajdu na strednej s\u00fakromnej umeleckej \u0161kole v \u017diline. Ten mu otvoril o\u010di, aby lep\u0161ie spoznal klasick\u00e9 maliarske techniky, s&nbsp;ktor\u00fdmi pracuje dodnes. Po ro\u010dnej pauze v&nbsp;roku 2014 nast\u00fapil na Akad\u00e9miu umen\u00ed v Banskej Bystrici.&nbsp;<\/p>\n\n\n\n<p>Miroslav Sandanus je absolventom Otvoren\u00e9ho ateli\u00e9ru ma\u013eby u Rastislava Podobu na Akad\u00e9mii umen\u00ed v Banskej Bystrici. Jeho tvorba Miroslava ve\u013emi oslovila. Napriek tomu, \u017ee sa pova\u017euje za introverta, cez jeho pl\u00e1tna dost\u00e1va medzi \u013eud\u00ed pr\u00edbehy o meniacom sa svete.<\/p>\n\n\n\n<figure class=\"wp-block-image size-large\"><img loading=\"lazy\" decoding=\"async\" width=\"1024\" height=\"578\" src=\"https:\/\/www.cerstveovocie.sk\/wp-content\/uploads\/2023\/02\/158395123_2950930691808367_2929544804491939124_n-1024x578.jpg\" alt=\"\" class=\"wp-image-3233\" srcset=\"https:\/\/d.r1.wbsprt.com\/cerstveovocie.sk\/wp-content\/uploads\/2023\/02\/158395123_2950930691808367_2929544804491939124_n-1024x578.jpg 1024w, https:\/\/d.r1.wbsprt.com\/cerstveovocie.sk\/wp-content\/uploads\/2023\/02\/158395123_2950930691808367_2929544804491939124_n-300x169.jpg 300w, https:\/\/d.r1.wbsprt.com\/cerstveovocie.sk\/wp-content\/uploads\/2023\/02\/158395123_2950930691808367_2929544804491939124_n-768x434.jpg 768w, https:\/\/d.r1.wbsprt.com\/cerstveovocie.sk\/wp-content\/uploads\/2023\/02\/158395123_2950930691808367_2929544804491939124_n.jpg 1080w\" sizes=\"auto, (max-width: 1024px) 100vw, 1024px\" \/><figcaption class=\"wp-element-caption\"><em>\u0160t\u00fadio (2021, Rajcek\u00e9 Teplice)<\/em><\/figcaption><\/figure>\n\n\n\n<p>U\u017e od detstva chodieval do lesa a do pr\u00edrody na prech\u00e1dzky so svojim otcom, ktor\u00fd bol v\u00e1\u0161niv\u00fdm turistom a prirodzene ho viedol k&nbsp;vz\u0165ahu k pr\u00edrode. V s\u00fa\u010dasnosti svoj vz\u0165ah k pr\u00edrode vn\u00edmam ako \u00fanik od upon\u00e1h\u013ean\u00e9ho sp\u00f4sobu \u017eivota. Miluje ticho v&nbsp;lese. Pocit, ktor\u00fd sa d\u00e1 za\u017ei\u0165 iba tam. Miroslava ve\u013emi tr\u00e1pi, ako si okolit\u00fa pr\u00edrodu, ktor\u00fa pozn\u00e1 od mali\u010dka, \u010dlovek viac a viac podma\u0148uje. Je to jav, ktor\u00fd sa ned\u00e1 tak \u013eahko zmeni\u0165, preto aspo\u0148 pomocou svojich obrazov poukazuje na t\u00fato problematiku a t\u00fdm nastavujem div\u00e1kovi zrkadlo na dan\u00fd probl\u00e9m.&nbsp;<\/p>\n\n\n\n<p>Navy\u0161e, Miroslava odmali\u010dka vyru\u0161oval odpad pohoden\u00fd pri ceste \u010di ileg\u00e1lne skl\u00e1dky. Teraz to u\u017e a\u017e tak ve\u013emi nevn\u00edma, ale v minulosti, ke\u010f bol die\u0165a, tak si to v\u0161\u00edmal v\u0161ade. Tieto spomienky, ktor\u00e9 v&nbsp;sebe nesie, ako aj pocity, ktor\u00e9 na neho z r\u00f4znych str\u00e1n doliehali boli tak\u00e9 depres\u00edvne, \u017ee pr\u00e1ve ma\u013eovan\u00edm sa chcel \u201evyspoveda\u0165\u201c a da\u0165 pre\u010d so seba negat\u00edvnu energiu. K&nbsp;t\u00fdmto okolnostiam sa pridalo uvedomenie si, \u017ee propaga\u010dn\u00e9 let\u00e1ky a reklamy na r\u00f4zne produkty, ktor\u00e9 chodia na jeho adresu, mu pravidelne zap\u013a\u0148ali schr\u00e1nku. Od ist\u00e9ho \u010dasu sa mu za\u010dali hromadi\u0165 v ateli\u00e9ri a nevedel, \u010do m\u00e1 s nimi robi\u0165. V ur\u010ditom momente za\u010dal rozm\u00fd\u0161\u013ea\u0165, \u017ee ako ich m\u00f4\u017ee vyu\u017ei\u0165 vo svojej tvorbe. Napadlo mu, \u017ee by ich mohol \u201ezrecyklova\u0165\u201c a&nbsp;tak ich za\u010dal formou kol\u00e1\u017ee vlepova\u0165 do svojich obrazov. \u010casom sa pridal hyperkonzum, nadmern\u00e9 nakupovanie a \u010fal\u0161ie impulzy vo forme dokumentov, predn\u00e1\u0161ok \u010di kn\u00edh. In\u0161pirovali ho napr\u00edklad knihy 20. lekci\u00ed pre 21. storo\u010die autora Yuvala Noaha Harariho alebo Tekut\u00e1 modernita Zygmunta Baumana. Preto sa Mirosavova tvorba prim\u00e1rne venuje environment\u00e1lnym a ekologick\u00fdm t\u00e9mam, ktor\u00e9 za\u010dal reflektova\u0165 a&nbsp;hlb\u0161ie analyzova\u0165. K tvorbe pristupuje sk\u00f4r programovo, vopred vie, \u010do a&nbsp;ako bude robi\u0165. Obrazy s\u00fa reflexiou na s\u00fa\u010dasn\u00fd svet, konkr\u00e9tne poukazuj\u00fa na problematiku dne\u0161nej doby. Obe jeho z\u00e1vere\u010dn\u00e9 pr\u00e1ce zo \u0161t\u00fadia na Akad\u00e9mii umen\u00ed sa venovali konzumnej spolo\u010dnosti a vplyvu \u010dloveka na pr\u00edrodu. V druhom programe Memo\u00e1re mapuje dianie posledn\u00fdch rokov svojho \u0161t\u00fadia. Dokopy ho tvor\u00ed 15 form\u00e1tov, zobrazuj\u00fa napr\u00edklad v\u00fdbuch v Bejr\u00fate, po\u017eiare v Austr\u00e1lii \u010di ulicu v S\u00e1sovej, kde b\u00fdval.&nbsp;<\/p>\n\n\n\n<p>Do svojich diel zap\u00e1ja \u010dloveka a vyu\u017e\u00edva figur\u00e1lny obraz. V s\u00e9rii Memo\u00e1re \u010dloveka \u00faplne vynechal, av\u0161ak \u010dloveka z nich c\u00edti\u0165 napriek tomu, \u017ee nie je priamo vykreslen\u00fd. Aj katastrofy zobrazen\u00e9 v Miroslavov\u00fdch obrazoch s\u00fa predsa vplyvom \u010dloveka na kl\u00edmu. Pri environment\u00e1lnych t\u00e9mach je \u010dlovek pr\u00edtomn\u00fd. D\u00f4le\u017eitou s\u00fa\u010das\u0165ou sa st\u00e1va mot\u00edv fig\u00fary \u2013 \u010dloveka, ktor\u00fd m\u00e1 ambivalentn\u00e9 postavenie. Je vykreslen\u00fd ako \u201eni\u010dite\u013e\u201c pr\u00edrody a \u201ez\u00e1chranca\u201c s\u00fa\u010dasne. Na jednej strane ho kritizuje, na druhej ho zobrazuje v akt\u00edvnej snahe o n\u00e1pravu (zbiera odpad), moralizuje, vstupuje mu do svedomia a poukazuje na jeho ekologick\u00fa a spolo\u010densk\u00fa zodpovednos\u0165.&nbsp;<\/p>\n\n\n\n<p>Druh\u00e1 l\u00ednia tvorby je charakteristick\u00e1 maliarskymi krajinami bez pr\u00edtomnosti post\u00e1v s pochm\u00farnou, melancholickou, existenci\u00e1lnou atmosf\u00e9rou. Opusten\u00fdmi, zni\u010den\u00fdmi a vy\u013eudnen\u00fdmi krajinami na hranici apokalyptickej v\u00edzie. Miroslav v nich pracuje so symbolikou pr\u00edrodn\u00fdch \u017eivlov, napr\u00edklad s oh\u0148om, vodou, ale aj pr\u00edrodn\u00fdch katastrof ako s\u00fa torn\u00e1da, b\u00farky, resp. zni\u010denej pr\u00edrody a prostredia ako n\u00e1sledku \u013eudsk\u00e9ho spr\u00e1vania. Napriek tomu, \u017ee postava \u010dloveka v dielach absentuje, \u013eudsk\u00e1 stopa je tu v\u00fdrazne \u010ditate\u013en\u00e1 i bez jej fyzickej pr\u00edtomnosti.<\/p>\n\n\n\n<p>Miroslav Snadanus vytv\u00e1ra ak\u00e9si dramatick\u00e9 \u201edivadeln\u00e9\u201c sc\u00e9ny nasiaknut\u00e9 siln\u00fdmi em\u00f3ciami. Poh\u013ead na pr\u00edrodn\u00e9 scen\u00e9rie zobrazuj\u00face chaos, hr\u00f4zu, ni\u010dotu, samotu, pr\u00e1zdnotu vyvol\u00e1va striedav\u00e9 pocity strachu, \u00fazkosti, hnevu, sm\u00fatku \u010di z\u00fafalstva, ale i pocit viny prameniacej z d\u00f4sledku nevhodn\u00e9ho \u013eudsk\u00e9ho z\u00e1sahu. Tieto \u013eudsk\u00e9 pocity maliar akoby pren\u00e1\u0161al na \u201eutr\u00e1pen\u00fa\u201c pr\u00edrodu a de facto ju po\u013eud\u0161\u0165oval. V \u017eiveln\u00fdch sc\u00e9nach sa tak odohr\u00e1va s\u00faboj \u201ekto z koho\u201c, ni\u010div\u00e1 sila \u010dloveka verzus nezdoln\u00e1 (bojovn\u00e1) sila pr\u00edrody.<\/p>\n\n\n\n<p>Venuje sa klasickej ma\u013ebe, ktor\u00fa kombinuje s asambl\u00e1\u017eou, kol\u00e1\u017eou a dekol\u00e1\u017eou.<\/p>\n\n\n\n<p>Miroslav m\u00e1 za sebou rad samostatn\u00fdch a kolekt\u00edvnych v\u00fdstav preva\u017ene v slovensk\u00fdch mest\u00e1ch, svoju tvorbu v\u0161ak predstavil i v zahrani\u010d\u00ed na kolekt\u00edvnych prehliadkach v Par\u00ed\u017ei, \u010di Ben\u00e1tkach. V&nbsp;r\u00e1mci Slovenska svoju tvorbu prezentoval na viacer\u00fdch s\u00f3lo v\u00fdstav\u00e1ch ako napr\u00edklad <a href=\"https:\/\/www.dotgallery.sk\/miroslav-sandanus-changing-world\/\" target=\"_blank\" rel=\"noreferrer noopener\">Earth wind &amp; fire<\/a> (2022, Gal\u00e9ria mlad\u00fdch Nitra, kur\u00e1torka v\u00fdstavy: Barbora Ger\u017eov\u00e1), <a href=\"https:\/\/www.skoladesignu.sk\/d\/skolske_aktivity\/miroslav-sandanus-apatia\" target=\"_blank\" rel=\"noreferrer noopener\">Apatia<\/a> (2022, Gal\u00e9ria Sumec, kur\u00e1torka v\u00fdstavy: Jana Babu\u0161iakov\u00e1) alebo <a href=\"https:\/\/www.dotgallery.sk\/miroslav-sandanus-changing-world\/\" target=\"_blank\" rel=\"noreferrer noopener\">Changing World<\/a> (2021, DOT. Contemporary Art Gallery Bratislava, kur\u00e1torka v\u00fdstavy: Jana Babu\u0161iakov\u00e1). V rokoch 2022, 2021 bol finalistom s\u00fa\u0165a\u017ee Ma\u013eba roka, a v roku 2020 sa umiestnil na 3. mieste. V roku 2022 sa stal laure\u00e1tom ceny Martina Benku. Medzi ned\u00e1vno realizovan\u00e9 diela a&nbsp;v\u00fdstavy patr\u00ed site-specific mural Undefined a&nbsp;v\u00fdstava <a href=\"https:\/\/vimeo.com\/794822432\" target=\"_blank\" rel=\"noreferrer noopener\">Doomscrolling<\/a> (2023, <a href=\"https:\/\/www.atelierxiii.com\/exhibited-artists\/portfolio\/miroslav-sandanus\/?fbclid=IwAR1K_Re_9xs7yZIdCRQoapDYBm4dEDq8J9J6NXy0uPSSsn5b1q0nCL5jMb0\" target=\"_blank\" rel=\"noreferrer noopener\">ATELIER XIII<\/a>, Bratsilava, kur\u00e1torka v\u00fdstavy: Jana Babu\u0161iakov\u00e1).<\/p>\n\n\n\n<figure class=\"wp-block-image size-large\"><img loading=\"lazy\" decoding=\"async\" width=\"1024\" height=\"691\" src=\"https:\/\/www.cerstveovocie.sk\/wp-content\/uploads\/2023\/02\/Miroslav-Sandanus_14-Earth-wind-and-fire-Galeria-mladych-Nitra-2022-foto-Miroslav-Sandanus-1024x691.jpg\" alt=\"\" class=\"wp-image-3230\" srcset=\"https:\/\/d.r1.wbsprt.com\/cerstveovocie.sk\/wp-content\/uploads\/2023\/02\/Miroslav-Sandanus_14-Earth-wind-and-fire-Galeria-mladych-Nitra-2022-foto-Miroslav-Sandanus-1024x691.jpg 1024w, https:\/\/d.r1.wbsprt.com\/cerstveovocie.sk\/wp-content\/uploads\/2023\/02\/Miroslav-Sandanus_14-Earth-wind-and-fire-Galeria-mladych-Nitra-2022-foto-Miroslav-Sandanus-300x203.jpg 300w, https:\/\/d.r1.wbsprt.com\/cerstveovocie.sk\/wp-content\/uploads\/2023\/02\/Miroslav-Sandanus_14-Earth-wind-and-fire-Galeria-mladych-Nitra-2022-foto-Miroslav-Sandanus-768x518.jpg 768w, https:\/\/d.r1.wbsprt.com\/cerstveovocie.sk\/wp-content\/uploads\/2023\/02\/Miroslav-Sandanus_14-Earth-wind-and-fire-Galeria-mladych-Nitra-2022-foto-Miroslav-Sandanus-1536x1037.jpg 1536w, https:\/\/d.r1.wbsprt.com\/cerstveovocie.sk\/wp-content\/uploads\/2023\/02\/Miroslav-Sandanus_14-Earth-wind-and-fire-Galeria-mladych-Nitra-2022-foto-Miroslav-Sandanus-2048x1382.jpg 2048w\" sizes=\"auto, (max-width: 1024px) 100vw, 1024px\" \/><figcaption class=\"wp-element-caption\"><em>Earth wind &amp; fire (2022, Gal\u00e9ria mlad\u00fdch Nitra, kur\u00e1torka v\u00fdstavy: Barbora Ger\u017eov\u00e1)<\/em><\/figcaption><\/figure>\n\n\n\n<p>N\u00e1stenn\u00e1 ma\u013eba Undefined priamo v podchode je trval\u00e9 dielo, ktor\u00e9 vzniklo po\u010das rezidencie Mira Sandanusa na N\u00e1stupi\u0161ti 1-12. Meniaci sa svet nielen v environment\u00e1lnom, ale aj spolo\u010denskom slova zmysle sa stal hlavn\u00fdm n\u00e1metom diela. Zd\u00f4raz\u0148uje najm\u00e4 komplexnos\u0165 tejto problematiky, zam\u00fd\u0161\u013ea sa nad pr\u00ed\u010dinami statusu quo a h\u013ead\u00e1 pr\u00edpadn\u00e9 smerovanie. Od\u010d\u00edta\u0165 v nej v\u0161ak mo\u017eno i neoddelite\u013en\u00fa prepojenos\u0165 \u010dloveka a pr\u00edrody. Krajina pozna\u010den\u00e1 \u013eudskou \u010dinnos\u0165ou sa toti\u017e nen\u00e1vratne men\u00ed a v kone\u010dnom d\u00f4sledku m\u00e1 jej zmena m\u00e1 sp\u00e4tn\u00fd vplyv i na p\u00f4vodn\u00e9ho h\u00fdbate\u013ea udalost\u00ed. Ocit\u00e1me sa tak v \u017eivlami zni\u010denej krajine, ktor\u00e1 napriek celkovej skaze nesie niektor\u00e9 d\u00f4verne zn\u00e1me znaky. Je to na\u0161a krajina, t\u00e1, ktor\u00fa sme pre seba pretvorili a ktor\u00e1 sa teraz men\u00ed mimo n\u00e1\u0161ho dosahu. \u200b\u200bSandanus s touto t\u00e9mou nar\u00e1ba aj prostredn\u00edctvom metafory oh\u0148a, ktor\u00fd je dnes zn\u00e1mym prejavom klimatick\u00fdch zmien. V jeho pl\u00e1tnach v\u0161ak nie je len jednoduch\u00fdm zachyten\u00edm po\u017eiarov, v r\u00e1mci hmotnej podstaty tohto elementu prech\u00e1dza z realistick\u00e9ho zobrazenia krajiny takmer do abstrakcie. Z\u00e1rove\u0148 ale nech\u00e1va p\u00f4sobi\u0165 symboliku, ktor\u00e1 sa s n\u00edm via\u017ee: ohe\u0148 je toti\u017e znakom prerodu, o\u010distenia a znovuzrodenia.<\/p>\n\n\n\n<figure class=\"wp-block-image size-large\"><img loading=\"lazy\" decoding=\"async\" width=\"1024\" height=\"691\" src=\"https:\/\/www.cerstveovocie.sk\/wp-content\/uploads\/2023\/02\/289412422_3327197270848372_4803474801724761512_n-1024x691.jpg\" alt=\"\" class=\"wp-image-3232\" srcset=\"https:\/\/d.r1.wbsprt.com\/cerstveovocie.sk\/wp-content\/uploads\/2023\/02\/289412422_3327197270848372_4803474801724761512_n-1024x691.jpg 1024w, https:\/\/d.r1.wbsprt.com\/cerstveovocie.sk\/wp-content\/uploads\/2023\/02\/289412422_3327197270848372_4803474801724761512_n-300x202.jpg 300w, https:\/\/d.r1.wbsprt.com\/cerstveovocie.sk\/wp-content\/uploads\/2023\/02\/289412422_3327197270848372_4803474801724761512_n-768x518.jpg 768w, https:\/\/d.r1.wbsprt.com\/cerstveovocie.sk\/wp-content\/uploads\/2023\/02\/289412422_3327197270848372_4803474801724761512_n-1536x1037.jpg 1536w, https:\/\/d.r1.wbsprt.com\/cerstveovocie.sk\/wp-content\/uploads\/2023\/02\/289412422_3327197270848372_4803474801724761512_n.jpg 2048w\" sizes=\"auto, (max-width: 1024px) 100vw, 1024px\" \/><figcaption class=\"wp-element-caption\"><em>Undefined (2022, N\u00e1stupi\u0161ti 1-12, Topol\u010dany)<\/em><\/figcaption><\/figure>\n\n\n\n<p>Doomscrolling (exces\u00edvna absorbcia negat\u00edvnych spr\u00e1v online) je syndr\u00f3m, ktor\u00fd vznikol z dokonalej b\u00farky prel\u00ednaj\u00facich sa kr\u00edz a neust\u00e1le dostupn\u00e9ho vysokor\u00fdchlostn\u00e9ho internetu. Nem\u00f4\u017eeme si pom\u00f4c\u0165 a ke\u010f\u017ee to na\u0161e mobily umo\u017e\u0148uj\u00fa, tr\u00e1vime \u010dasto hodiny pr\u00e1zdneho \u010dasu \u010d\u00edtan\u00edm katastrofick\u00fdch spr\u00e1v. Mno\u017estvo hlasov v tejto zm\u00e4ti je nekone\u010dn\u00e9 a nemus\u00ed sa jedna\u0165 len o&nbsp;odborn\u00edkov\/\u010dky. Ka\u017ed\u00fd dnes m\u00f4\u017ee prezentova\u0165 svoj n\u00e1zor a videnie veci a ka\u017ed\u00e9 pridanie hlasu do tejto kakof\u00f3nie m\u00f4\u017ee by\u0165 odmenen\u00e9 rovnakou notifik\u00e1ciou. Cink, cink, cink.<\/p>\n\n\n\n<figure class=\"wp-block-image size-large\"><img loading=\"lazy\" decoding=\"async\" width=\"1024\" height=\"576\" src=\"https:\/\/www.cerstveovocie.sk\/wp-content\/uploads\/2023\/02\/Miroslav-Sandanus_12-Doomscrolling-ATELIER-XIII-Bratislava-2023-foto-Juraj-Licko-1024x576.jpg\" alt=\"\" class=\"wp-image-3231\" srcset=\"https:\/\/d.r1.wbsprt.com\/cerstveovocie.sk\/wp-content\/uploads\/2023\/02\/Miroslav-Sandanus_12-Doomscrolling-ATELIER-XIII-Bratislava-2023-foto-Juraj-Licko-1024x576.jpg 1024w, https:\/\/d.r1.wbsprt.com\/cerstveovocie.sk\/wp-content\/uploads\/2023\/02\/Miroslav-Sandanus_12-Doomscrolling-ATELIER-XIII-Bratislava-2023-foto-Juraj-Licko-300x169.jpg 300w, https:\/\/d.r1.wbsprt.com\/cerstveovocie.sk\/wp-content\/uploads\/2023\/02\/Miroslav-Sandanus_12-Doomscrolling-ATELIER-XIII-Bratislava-2023-foto-Juraj-Licko-768x432.jpg 768w, https:\/\/d.r1.wbsprt.com\/cerstveovocie.sk\/wp-content\/uploads\/2023\/02\/Miroslav-Sandanus_12-Doomscrolling-ATELIER-XIII-Bratislava-2023-foto-Juraj-Licko-1536x864.jpg 1536w, https:\/\/d.r1.wbsprt.com\/cerstveovocie.sk\/wp-content\/uploads\/2023\/02\/Miroslav-Sandanus_12-Doomscrolling-ATELIER-XIII-Bratislava-2023-foto-Juraj-Licko.jpg 1920w\" sizes=\"auto, (max-width: 1024px) 100vw, 1024px\" \/><figcaption class=\"wp-element-caption\"><em><a href=\"https:\/\/fb.me\/e\/3is8rO8wB\" target=\"_blank\" rel=\"noreferrer noopener\">Doomscrolling<\/a> (2023, ATELIER XIII, Bratislava, kur\u00e1torka v\u00fdstavy: Jana Babu\u0161iakov\u00e1) (foto: Juraj Li\u010dko)<\/em><\/figcaption><\/figure>\n\n\n\n<p>Pre Miroslava Sandanusa je probl\u00e9m environment\u00e1lnej kr\u00edzy a s \u0148ou spojen\u00fdch ob\u00e1v k\u013e\u00fa\u010dovou \u010das\u0165ou maliarskeho programu. V najnov\u0161ej s\u00e9rii p\u00e1tra pr\u00e1ve po kore\u0148och na\u0161ej \u00fazkosti, pri\u010dom ich nach\u00e1dza v nekone\u010dnom feede niekedy i protichodn\u00fdch inform\u00e1ci\u00ed. Neanalyzuje d\u00f4vody, ale sleduje emocion\u00e1lnu rovinu ich dopadu na jednotlivca. V ove\u013ea v\u00e4\u010d\u0161ej miere ako doteraz sa pritom koncentruje na \u010dloveka, ktor\u00e9ho identita v\u0161ak na\u010falej ako v jeho predch\u00e1dzaj\u00facich pr\u00e1cach ost\u00e1va anonymn\u00e1. \u0160tuduje pritom \u0161k\u00e1lu em\u00f3ci\u00ed, ktor\u00e9 tv\u00e1r deformuj\u00fa na nepoznanie, ako hnev, podr\u00e1\u017edenie a roz\u010d\u00falenie. Alebo zachyt\u00e1va tv\u00e1re zakr\u00fdvan\u00e9 od z\u00fafalstva. Osvetlenie modr\u00fdm \u010di in\u00fdm farebn\u00fdm svetlom z elektronick\u00fdch pr\u00edstrojov a oto\u010denie dolu hlavou sp\u00f4sobuj\u00fa pri poh\u013eade na portr\u00e9t e\u0161te v\u00e4\u010d\u0161ie zm\u00e4tenie a neistotu. Neprest\u00e1vaj\u00faci tok inform\u00e1ci\u00ed zosob\u0148uje aj autorsk\u00e1 zvukov\u00e1 nahr\u00e1vka, v ktorej sa mie\u0161a \u013eudsk\u00fd hlas so zvukmi spr\u00e1v a upozornen\u00ed, ktor\u00e9 nakoniec priestor \u00faplne ovl\u00e1dnu, podobne ako si z\u00e1konitosti algoritmov a soci\u00e1lnych siet\u00ed dok\u00e1\u017eu uzurpova\u0165 na\u0161u pozornos\u0165. (zdroj: kur\u00e1torka v\u00fdstavy Jana Babu\u0161iakov\u00e1)<\/p>\n\n\n\n<p>Povahovo je Miroslav Snadanus introvert. Preto s\u00fa jeho obrazy tak opisn\u00e9. Sna\u017e\u00ed sa nimi poveda\u0165 to, \u010do c\u00edti. Hovor\u00ed m\u00e1lo, aby mohli obrazy rozpr\u00e1va\u0165 za neho.<\/p>\n\n\n\n<hr class=\"wp-block-separator has-text-color has-alpha-channel-opacity has-background\" style=\"background-color:#ff2ac4;color:#ff2ac4\"\/>\n\n\n\n<div class=\"wp-block-buttons is-layout-flex wp-block-buttons-is-layout-flex\">\n<div class=\"wp-block-button\"><a class=\"wp-block-button__link has-background wp-element-button\" href=\"http:\/\/www.miroslavsandanus.sk\" style=\"background-color:#ff2ac4\" target=\"_blank\" rel=\"noreferrer noopener\">WEB<\/a><\/div>\n\n\n\n<div class=\"wp-block-button\"><a class=\"wp-block-button__link has-background wp-element-button\" href=\"https:\/\/www.instagram.com\/sandanus_art\/\" style=\"background-color:#ff2ac4\" target=\"_blank\" rel=\"noreferrer noopener\">INSTAGRAM<\/a><\/div>\n\n\n\n<div class=\"wp-block-button\"><a class=\"wp-block-button__link has-background wp-element-button\" href=\"https:\/\/www.facebook.com\/sandanusart\" style=\"background-color:#ff2ac4\" target=\"_blank\" rel=\"noreferrer noopener\">FACEBOOK<\/a><\/div>\n<\/div>\n\n\n\n<div style=\"height:100px\" aria-hidden=\"true\" class=\"wp-block-spacer\"><\/div>\n\n\n\n<iframe loading=\"lazy\" width=\"100%\" height=\"400\" src=\"https:\/\/www.mixcloud.com\/widget\/iframe\/?light=1&amp;feed=%2FCerstve_Ovocie%2Fmiroslav-sandanus-hovor%C3%AD-m%C3%A1lo-aby-za-neho-rozpr%C3%A1vali-samotn%C3%A9-obrazy%2F\" frameborder=\"0\"><\/iframe>\n\n\n\n<hr class=\"wp-block-separator has-text-color has-alpha-channel-opacity has-background\" style=\"background-color:#ff2ac4;color:#ff2ac4\"\/>\n\n\n\nngg_shortcode_0_placeholder\n","protected":false},"excerpt":{"rendered":"<p>U\u017e v&nbsp;pred\u0161kolskom veku r\u00e1d kreslil. Najrad\u0161ej prekres\u013eoval \u201edisneyovky\u201c, ktor\u00e9 mali v 90. rokoch ve\u013ek\u00fd \u00faspech. Presne si vie spomen\u00fa\u0165 na moment, ke\u010f dostal svoje prv\u00e9 vodov\u00e9 farby. Z\u00e1rove\u0148 ho podporovali aj rodi\u010dia, ktor\u00ed videli zmysel v&nbsp;jeho z\u00e1\u013eube. Podpora prich\u00e1dzala najm\u00e4 od otca, ke\u010f\u017ee jeho kon\u00ed\u010dkom bolo model\u00e1rstvo. V mladosti robil grafiky, linoryty, kreslil a bol [&hellip;]<\/p>\n","protected":false},"author":3,"featured_media":3234,"comment_status":"open","ping_status":"open","sticky":false,"template":"","format":"standard","meta":{"_monsterinsights_skip_tracking":false,"_monsterinsights_sitenote_active":false,"_monsterinsights_sitenote_note":"","_monsterinsights_sitenote_category":0,"ngg_post_thumbnail":0,"footnotes":""},"categories":[30,31],"tags":[7,34,21,109],"class_list":["post-3229","post","type-post","status-publish","format-standard","has-post-thumbnail","hentry","category-cerstve-ovocie","category-novinky","tag-cerstve-ovocie_fm","tag-efemko","tag-malba","tag-vytvarne-umenie"],"yoast_head":"<!-- This site is optimized with the Yoast SEO plugin v26.8 - https:\/\/yoast.com\/product\/yoast-seo-wordpress\/ -->\n<title>Hovor\u00ed m\u00e1lo, aby za neho mohli rozpr\u00e1va\u0165 samotn\u00e9 obrazy - \u010cerstv\u00e9 Ovocie<\/title>\n<meta name=\"robots\" content=\"index, follow, max-snippet:-1, max-image-preview:large, max-video-preview:-1\" \/>\n<link rel=\"canonical\" href=\"https:\/\/www.cerstveovocie.sk\/hovori-malo-aby-za-neho-mohli-rozpravat-samotne-obrazy\/\" \/>\n<meta property=\"og:locale\" content=\"sk_SK\" \/>\n<meta property=\"og:type\" content=\"article\" \/>\n<meta property=\"og:title\" content=\"Hovor\u00ed m\u00e1lo, aby za neho mohli rozpr\u00e1va\u0165 samotn\u00e9 obrazy - \u010cerstv\u00e9 Ovocie\" \/>\n<meta property=\"og:description\" content=\"U\u017e v&nbsp;pred\u0161kolskom veku r\u00e1d kreslil. Najrad\u0161ej prekres\u013eoval \u201edisneyovky\u201c, ktor\u00e9 mali v 90. rokoch ve\u013ek\u00fd \u00faspech. Presne si vie spomen\u00fa\u0165 na moment, ke\u010f dostal svoje prv\u00e9 vodov\u00e9 farby. Z\u00e1rove\u0148 ho podporovali aj rodi\u010dia, ktor\u00ed videli zmysel v&nbsp;jeho z\u00e1\u013eube. Podpora prich\u00e1dzala najm\u00e4 od otca, ke\u010f\u017ee jeho kon\u00ed\u010dkom bolo model\u00e1rstvo. V mladosti robil grafiky, linoryty, kreslil a bol [&hellip;]\" \/>\n<meta property=\"og:url\" content=\"https:\/\/www.cerstveovocie.sk\/hovori-malo-aby-za-neho-mohli-rozpravat-samotne-obrazy\/\" \/>\n<meta property=\"og:site_name\" content=\"\u010cerstv\u00e9 Ovocie\" \/>\n<meta property=\"article:published_time\" content=\"2023-02-13T06:00:00+00:00\" \/>\n<meta property=\"article:modified_time\" content=\"2023-03-20T08:55:17+00:00\" \/>\n<meta property=\"og:image\" content=\"https:\/\/www.cerstveovocie.sk\/wp-content\/uploads\/2023\/02\/Miroslav-Sandanus_01-foto-Miroslav-Sandanus.jpg\" \/>\n\t<meta property=\"og:image:width\" content=\"1024\" \/>\n\t<meta property=\"og:image:height\" content=\"768\" \/>\n\t<meta property=\"og:image:type\" content=\"image\/jpeg\" \/>\n<meta name=\"author\" content=\"Martin Brix\" \/>\n<meta name=\"twitter:card\" content=\"summary_large_image\" \/>\n<meta name=\"twitter:label1\" content=\"Autor\" \/>\n\t<meta name=\"twitter:data1\" content=\"Martin Brix\" \/>\n\t<meta name=\"twitter:label2\" content=\"Predpokladan\u00fd \u010das \u010d\u00edtania\" \/>\n\t<meta name=\"twitter:data2\" content=\"9 min\u00fat\" \/>\n<script type=\"application\/ld+json\" class=\"yoast-schema-graph\">{\"@context\":\"https:\/\/schema.org\",\"@graph\":[{\"@type\":\"Article\",\"@id\":\"https:\/\/www.cerstveovocie.sk\/hovori-malo-aby-za-neho-mohli-rozpravat-samotne-obrazy\/#article\",\"isPartOf\":{\"@id\":\"https:\/\/www.cerstveovocie.sk\/hovori-malo-aby-za-neho-mohli-rozpravat-samotne-obrazy\/\"},\"author\":{\"name\":\"Martin Brix\",\"@id\":\"https:\/\/www.cerstveovocie.sk\/#\/schema\/person\/8e202c9288643a126812bf9c72605646\"},\"headline\":\"Hovor\u00ed m\u00e1lo, aby za neho mohli rozpr\u00e1va\u0165 samotn\u00e9 obrazy\",\"datePublished\":\"2023-02-13T06:00:00+00:00\",\"dateModified\":\"2023-03-20T08:55:17+00:00\",\"mainEntityOfPage\":{\"@id\":\"https:\/\/www.cerstveovocie.sk\/hovori-malo-aby-za-neho-mohli-rozpravat-samotne-obrazy\/\"},\"wordCount\":1827,\"commentCount\":0,\"image\":{\"@id\":\"https:\/\/www.cerstveovocie.sk\/hovori-malo-aby-za-neho-mohli-rozpravat-samotne-obrazy\/#primaryimage\"},\"thumbnailUrl\":\"https:\/\/d.r1.wbsprt.com\/cerstveovocie.sk\/wp-content\/uploads\/2023\/02\/Miroslav-Sandanus_01-foto-Miroslav-Sandanus.jpg\",\"keywords\":[\"\u010derstv\u00e9 ovocie_fm\",\"efemko\",\"ma\u013eba\",\"v\u00fdtvarn\u00e9 umenie\"],\"articleSection\":[\"\u010cerstv\u00e9 Ovocie\",\"Novinky\"],\"inLanguage\":\"sk-SK\",\"potentialAction\":[{\"@type\":\"CommentAction\",\"name\":\"Comment\",\"target\":[\"https:\/\/www.cerstveovocie.sk\/hovori-malo-aby-za-neho-mohli-rozpravat-samotne-obrazy\/#respond\"]}]},{\"@type\":\"WebPage\",\"@id\":\"https:\/\/www.cerstveovocie.sk\/hovori-malo-aby-za-neho-mohli-rozpravat-samotne-obrazy\/\",\"url\":\"https:\/\/www.cerstveovocie.sk\/hovori-malo-aby-za-neho-mohli-rozpravat-samotne-obrazy\/\",\"name\":\"Hovor\u00ed m\u00e1lo, aby za neho mohli rozpr\u00e1va\u0165 samotn\u00e9 obrazy - \u010cerstv\u00e9 Ovocie\",\"isPartOf\":{\"@id\":\"https:\/\/www.cerstveovocie.sk\/#website\"},\"primaryImageOfPage\":{\"@id\":\"https:\/\/www.cerstveovocie.sk\/hovori-malo-aby-za-neho-mohli-rozpravat-samotne-obrazy\/#primaryimage\"},\"image\":{\"@id\":\"https:\/\/www.cerstveovocie.sk\/hovori-malo-aby-za-neho-mohli-rozpravat-samotne-obrazy\/#primaryimage\"},\"thumbnailUrl\":\"https:\/\/d.r1.wbsprt.com\/cerstveovocie.sk\/wp-content\/uploads\/2023\/02\/Miroslav-Sandanus_01-foto-Miroslav-Sandanus.jpg\",\"datePublished\":\"2023-02-13T06:00:00+00:00\",\"dateModified\":\"2023-03-20T08:55:17+00:00\",\"author\":{\"@id\":\"https:\/\/www.cerstveovocie.sk\/#\/schema\/person\/8e202c9288643a126812bf9c72605646\"},\"breadcrumb\":{\"@id\":\"https:\/\/www.cerstveovocie.sk\/hovori-malo-aby-za-neho-mohli-rozpravat-samotne-obrazy\/#breadcrumb\"},\"inLanguage\":\"sk-SK\",\"potentialAction\":[{\"@type\":\"ReadAction\",\"target\":[\"https:\/\/www.cerstveovocie.sk\/hovori-malo-aby-za-neho-mohli-rozpravat-samotne-obrazy\/\"]}]},{\"@type\":\"ImageObject\",\"inLanguage\":\"sk-SK\",\"@id\":\"https:\/\/www.cerstveovocie.sk\/hovori-malo-aby-za-neho-mohli-rozpravat-samotne-obrazy\/#primaryimage\",\"url\":\"https:\/\/d.r1.wbsprt.com\/cerstveovocie.sk\/wp-content\/uploads\/2023\/02\/Miroslav-Sandanus_01-foto-Miroslav-Sandanus.jpg\",\"contentUrl\":\"https:\/\/d.r1.wbsprt.com\/cerstveovocie.sk\/wp-content\/uploads\/2023\/02\/Miroslav-Sandanus_01-foto-Miroslav-Sandanus.jpg\",\"width\":1024,\"height\":768},{\"@type\":\"BreadcrumbList\",\"@id\":\"https:\/\/www.cerstveovocie.sk\/hovori-malo-aby-za-neho-mohli-rozpravat-samotne-obrazy\/#breadcrumb\",\"itemListElement\":[{\"@type\":\"ListItem\",\"position\":1,\"name\":\"Home\",\"item\":\"https:\/\/www.cerstveovocie.sk\/\"},{\"@type\":\"ListItem\",\"position\":2,\"name\":\"Hovor\u00ed m\u00e1lo, aby za neho mohli rozpr\u00e1va\u0165 samotn\u00e9 obrazy\"}]},{\"@type\":\"WebSite\",\"@id\":\"https:\/\/www.cerstveovocie.sk\/#website\",\"url\":\"https:\/\/www.cerstveovocie.sk\/\",\"name\":\"\u010cerstv\u00e9 Ovocie\",\"description\":\"V\u00fd\u017eivn\u00e1 porcia lok\u00e1lnej tvorby.\",\"potentialAction\":[{\"@type\":\"SearchAction\",\"target\":{\"@type\":\"EntryPoint\",\"urlTemplate\":\"https:\/\/www.cerstveovocie.sk\/?s={search_term_string}\"},\"query-input\":{\"@type\":\"PropertyValueSpecification\",\"valueRequired\":true,\"valueName\":\"search_term_string\"}}],\"inLanguage\":\"sk-SK\"},{\"@type\":\"Person\",\"@id\":\"https:\/\/www.cerstveovocie.sk\/#\/schema\/person\/8e202c9288643a126812bf9c72605646\",\"name\":\"Martin Brix\",\"image\":{\"@type\":\"ImageObject\",\"inLanguage\":\"sk-SK\",\"@id\":\"https:\/\/www.cerstveovocie.sk\/#\/schema\/person\/image\/\",\"url\":\"https:\/\/secure.gravatar.com\/avatar\/6af874eeaf8969d475094f41c59f338c12819f2025832a5aa203c0d29ad36294?s=96&d=mm&r=g\",\"contentUrl\":\"https:\/\/secure.gravatar.com\/avatar\/6af874eeaf8969d475094f41c59f338c12819f2025832a5aa203c0d29ad36294?s=96&d=mm&r=g\",\"caption\":\"Martin Brix\"},\"url\":\"https:\/\/d.r1.wbsprt.com\/cerstveovocie.sk\/author\/brix\/\"}]}<\/script>\n<!-- \/ Yoast SEO plugin. -->","yoast_head_json":{"title":"Hovor\u00ed m\u00e1lo, aby za neho mohli rozpr\u00e1va\u0165 samotn\u00e9 obrazy - \u010cerstv\u00e9 Ovocie","robots":{"index":"index","follow":"follow","max-snippet":"max-snippet:-1","max-image-preview":"max-image-preview:large","max-video-preview":"max-video-preview:-1"},"canonical":"https:\/\/www.cerstveovocie.sk\/hovori-malo-aby-za-neho-mohli-rozpravat-samotne-obrazy\/","og_locale":"sk_SK","og_type":"article","og_title":"Hovor\u00ed m\u00e1lo, aby za neho mohli rozpr\u00e1va\u0165 samotn\u00e9 obrazy - \u010cerstv\u00e9 Ovocie","og_description":"U\u017e v&nbsp;pred\u0161kolskom veku r\u00e1d kreslil. Najrad\u0161ej prekres\u013eoval \u201edisneyovky\u201c, ktor\u00e9 mali v 90. rokoch ve\u013ek\u00fd \u00faspech. Presne si vie spomen\u00fa\u0165 na moment, ke\u010f dostal svoje prv\u00e9 vodov\u00e9 farby. Z\u00e1rove\u0148 ho podporovali aj rodi\u010dia, ktor\u00ed videli zmysel v&nbsp;jeho z\u00e1\u013eube. Podpora prich\u00e1dzala najm\u00e4 od otca, ke\u010f\u017ee jeho kon\u00ed\u010dkom bolo model\u00e1rstvo. V mladosti robil grafiky, linoryty, kreslil a bol [&hellip;]","og_url":"https:\/\/www.cerstveovocie.sk\/hovori-malo-aby-za-neho-mohli-rozpravat-samotne-obrazy\/","og_site_name":"\u010cerstv\u00e9 Ovocie","article_published_time":"2023-02-13T06:00:00+00:00","article_modified_time":"2023-03-20T08:55:17+00:00","og_image":[{"width":1024,"height":768,"url":"https:\/\/www.cerstveovocie.sk\/wp-content\/uploads\/2023\/02\/Miroslav-Sandanus_01-foto-Miroslav-Sandanus.jpg","type":"image\/jpeg"}],"author":"Martin Brix","twitter_card":"summary_large_image","twitter_misc":{"Autor":"Martin Brix","Predpokladan\u00fd \u010das \u010d\u00edtania":"9 min\u00fat"},"schema":{"@context":"https:\/\/schema.org","@graph":[{"@type":"Article","@id":"https:\/\/www.cerstveovocie.sk\/hovori-malo-aby-za-neho-mohli-rozpravat-samotne-obrazy\/#article","isPartOf":{"@id":"https:\/\/www.cerstveovocie.sk\/hovori-malo-aby-za-neho-mohli-rozpravat-samotne-obrazy\/"},"author":{"name":"Martin Brix","@id":"https:\/\/www.cerstveovocie.sk\/#\/schema\/person\/8e202c9288643a126812bf9c72605646"},"headline":"Hovor\u00ed m\u00e1lo, aby za neho mohli rozpr\u00e1va\u0165 samotn\u00e9 obrazy","datePublished":"2023-02-13T06:00:00+00:00","dateModified":"2023-03-20T08:55:17+00:00","mainEntityOfPage":{"@id":"https:\/\/www.cerstveovocie.sk\/hovori-malo-aby-za-neho-mohli-rozpravat-samotne-obrazy\/"},"wordCount":1827,"commentCount":0,"image":{"@id":"https:\/\/www.cerstveovocie.sk\/hovori-malo-aby-za-neho-mohli-rozpravat-samotne-obrazy\/#primaryimage"},"thumbnailUrl":"https:\/\/d.r1.wbsprt.com\/cerstveovocie.sk\/wp-content\/uploads\/2023\/02\/Miroslav-Sandanus_01-foto-Miroslav-Sandanus.jpg","keywords":["\u010derstv\u00e9 ovocie_fm","efemko","ma\u013eba","v\u00fdtvarn\u00e9 umenie"],"articleSection":["\u010cerstv\u00e9 Ovocie","Novinky"],"inLanguage":"sk-SK","potentialAction":[{"@type":"CommentAction","name":"Comment","target":["https:\/\/www.cerstveovocie.sk\/hovori-malo-aby-za-neho-mohli-rozpravat-samotne-obrazy\/#respond"]}]},{"@type":"WebPage","@id":"https:\/\/www.cerstveovocie.sk\/hovori-malo-aby-za-neho-mohli-rozpravat-samotne-obrazy\/","url":"https:\/\/www.cerstveovocie.sk\/hovori-malo-aby-za-neho-mohli-rozpravat-samotne-obrazy\/","name":"Hovor\u00ed m\u00e1lo, aby za neho mohli rozpr\u00e1va\u0165 samotn\u00e9 obrazy - \u010cerstv\u00e9 Ovocie","isPartOf":{"@id":"https:\/\/www.cerstveovocie.sk\/#website"},"primaryImageOfPage":{"@id":"https:\/\/www.cerstveovocie.sk\/hovori-malo-aby-za-neho-mohli-rozpravat-samotne-obrazy\/#primaryimage"},"image":{"@id":"https:\/\/www.cerstveovocie.sk\/hovori-malo-aby-za-neho-mohli-rozpravat-samotne-obrazy\/#primaryimage"},"thumbnailUrl":"https:\/\/d.r1.wbsprt.com\/cerstveovocie.sk\/wp-content\/uploads\/2023\/02\/Miroslav-Sandanus_01-foto-Miroslav-Sandanus.jpg","datePublished":"2023-02-13T06:00:00+00:00","dateModified":"2023-03-20T08:55:17+00:00","author":{"@id":"https:\/\/www.cerstveovocie.sk\/#\/schema\/person\/8e202c9288643a126812bf9c72605646"},"breadcrumb":{"@id":"https:\/\/www.cerstveovocie.sk\/hovori-malo-aby-za-neho-mohli-rozpravat-samotne-obrazy\/#breadcrumb"},"inLanguage":"sk-SK","potentialAction":[{"@type":"ReadAction","target":["https:\/\/www.cerstveovocie.sk\/hovori-malo-aby-za-neho-mohli-rozpravat-samotne-obrazy\/"]}]},{"@type":"ImageObject","inLanguage":"sk-SK","@id":"https:\/\/www.cerstveovocie.sk\/hovori-malo-aby-za-neho-mohli-rozpravat-samotne-obrazy\/#primaryimage","url":"https:\/\/d.r1.wbsprt.com\/cerstveovocie.sk\/wp-content\/uploads\/2023\/02\/Miroslav-Sandanus_01-foto-Miroslav-Sandanus.jpg","contentUrl":"https:\/\/d.r1.wbsprt.com\/cerstveovocie.sk\/wp-content\/uploads\/2023\/02\/Miroslav-Sandanus_01-foto-Miroslav-Sandanus.jpg","width":1024,"height":768},{"@type":"BreadcrumbList","@id":"https:\/\/www.cerstveovocie.sk\/hovori-malo-aby-za-neho-mohli-rozpravat-samotne-obrazy\/#breadcrumb","itemListElement":[{"@type":"ListItem","position":1,"name":"Home","item":"https:\/\/www.cerstveovocie.sk\/"},{"@type":"ListItem","position":2,"name":"Hovor\u00ed m\u00e1lo, aby za neho mohli rozpr\u00e1va\u0165 samotn\u00e9 obrazy"}]},{"@type":"WebSite","@id":"https:\/\/www.cerstveovocie.sk\/#website","url":"https:\/\/www.cerstveovocie.sk\/","name":"\u010cerstv\u00e9 Ovocie","description":"V\u00fd\u017eivn\u00e1 porcia lok\u00e1lnej tvorby.","potentialAction":[{"@type":"SearchAction","target":{"@type":"EntryPoint","urlTemplate":"https:\/\/www.cerstveovocie.sk\/?s={search_term_string}"},"query-input":{"@type":"PropertyValueSpecification","valueRequired":true,"valueName":"search_term_string"}}],"inLanguage":"sk-SK"},{"@type":"Person","@id":"https:\/\/www.cerstveovocie.sk\/#\/schema\/person\/8e202c9288643a126812bf9c72605646","name":"Martin Brix","image":{"@type":"ImageObject","inLanguage":"sk-SK","@id":"https:\/\/www.cerstveovocie.sk\/#\/schema\/person\/image\/","url":"https:\/\/secure.gravatar.com\/avatar\/6af874eeaf8969d475094f41c59f338c12819f2025832a5aa203c0d29ad36294?s=96&d=mm&r=g","contentUrl":"https:\/\/secure.gravatar.com\/avatar\/6af874eeaf8969d475094f41c59f338c12819f2025832a5aa203c0d29ad36294?s=96&d=mm&r=g","caption":"Martin Brix"},"url":"https:\/\/d.r1.wbsprt.com\/cerstveovocie.sk\/author\/brix\/"}]}},"_links":{"self":[{"href":"https:\/\/d.r1.wbsprt.com\/cerstveovocie.sk\/wp-json\/wp\/v2\/posts\/3229","targetHints":{"allow":["GET"]}}],"collection":[{"href":"https:\/\/d.r1.wbsprt.com\/cerstveovocie.sk\/wp-json\/wp\/v2\/posts"}],"about":[{"href":"https:\/\/d.r1.wbsprt.com\/cerstveovocie.sk\/wp-json\/wp\/v2\/types\/post"}],"author":[{"embeddable":true,"href":"https:\/\/d.r1.wbsprt.com\/cerstveovocie.sk\/wp-json\/wp\/v2\/users\/3"}],"replies":[{"embeddable":true,"href":"https:\/\/d.r1.wbsprt.com\/cerstveovocie.sk\/wp-json\/wp\/v2\/comments?post=3229"}],"version-history":[{"count":3,"href":"https:\/\/d.r1.wbsprt.com\/cerstveovocie.sk\/wp-json\/wp\/v2\/posts\/3229\/revisions"}],"predecessor-version":[{"id":3437,"href":"https:\/\/d.r1.wbsprt.com\/cerstveovocie.sk\/wp-json\/wp\/v2\/posts\/3229\/revisions\/3437"}],"wp:featuredmedia":[{"embeddable":true,"href":"https:\/\/d.r1.wbsprt.com\/cerstveovocie.sk\/wp-json\/wp\/v2\/media\/3234"}],"wp:attachment":[{"href":"https:\/\/d.r1.wbsprt.com\/cerstveovocie.sk\/wp-json\/wp\/v2\/media?parent=3229"}],"wp:term":[{"taxonomy":"category","embeddable":true,"href":"https:\/\/d.r1.wbsprt.com\/cerstveovocie.sk\/wp-json\/wp\/v2\/categories?post=3229"},{"taxonomy":"post_tag","embeddable":true,"href":"https:\/\/d.r1.wbsprt.com\/cerstveovocie.sk\/wp-json\/wp\/v2\/tags?post=3229"}],"curies":[{"name":"wp","href":"https:\/\/api.w.org\/{rel}","templated":true}]}}