{"id":2970,"date":"2022-12-12T07:00:00","date_gmt":"2022-12-12T06:00:00","guid":{"rendered":"https:\/\/www.cerstveovocie.sk\/?p=2970"},"modified":"2023-01-08T22:10:58","modified_gmt":"2023-01-08T21:10:58","slug":"hubar-a-architekt-ktory-je-predcizny-detailista-a-rad-robi-veci-zdlhavo","status":"publish","type":"post","link":"https:\/\/d.r1.wbsprt.com\/cerstveovocie.sk\/hubar-a-architekt-ktory-je-predcizny-detailista-a-rad-robi-veci-zdlhavo\/","title":{"rendered":"&#8222;Hub\u00e1r&#8220; a architekt, ktor\u00fd je predc\u00edzny detailista a r\u00e1d rob\u00ed veci zd\u013ahavo"},"content":{"rendered":"\n<p class=\"has-medium-font-size\">\u010eal\u0161\u00ed z absolventov z\u00e1kladnej umeleckej \u0161koly, ktor\u00fd sa rozhodol pokra\u010dova\u0165 vo svojej umeleckej \u010dinnosti. Ke\u010f\u017ee jeho mama \u0161tudovala stavebn\u00fa priemyslovku aj Luk\u00e1\u0161 sa rozhodol \u00eds\u0165 touto cestou. Jeho umeleck\u00e1 \u010dinnos\u0165 s\u00edce pokra\u010dovala, no zameral sa v\u0161ak viac na jej \u201ekon\u0161truk\u010dn\u00fa\u201c zlo\u017eku, na architekt\u00faru. Po stavebnej priemyslovke v&nbsp;Trnave, ved\u00fa jeho kroky na Slovensk\u00fa technick\u00fa univerzitu do Bratislavy, kde nast\u00fapil na Fakultu architekt\u00fary a&nbsp;dizajnu. Tu pokra\u010doval v \u201ebe\u017enom\u201c \u0161t\u00fadiu a\u017e pri\u0161la sk\u00fasenos\u0165 s&nbsp;prv\u00fdm z\u00e1sadnej\u0161\u00edm projektom a&nbsp;to zadan\u00edm na \u00dastave urbanizmu a&nbsp;\u00fazemn\u00e9ho pl\u00e1novania, kde dostali spracova\u0165 Tren\u010d\u00edn \u2013 mesto na rieke. Luk\u00e1\u0161 spolu s&nbsp;Barborou Po\u013eanskou tu nadobudli azda prv\u00fa sk\u00fasenos\u0165 so spolupr\u00e1cou s&nbsp;mestom. Za svoj n\u00e1vrh z\u00edskali prv\u00e9 miesto.<\/p>\n\n\n\n<p>\u201eNavrhovan\u00e9 rie\u0161enie autorsk\u00e9ho kolekt\u00edvu od za\u010diatku intenz\u00edvne pracovalo s&nbsp;h\u013eadan\u00edm odpoved\u00ed na ot\u00e1zku ako vyrie\u0161i\u0165 \u00fazemie medzi star\u00fdm \u017eelezni\u010dn\u00fdm a novo navrhovan\u00fdm mostom. Odpove\u010fou na tieto ot\u00e1zky sa v n\u00e1vrhu stalo formovanie n\u00e1bre\u017eia do z\u00e1livu obostavan\u00e9ho stredne hustou z\u00e1stavbou. Spom\u00ednan\u00e9 rie\u0161enie pon\u00faklo variant, v ktorom sa zo zbytkov\u00e9ho priestoru pod mostom stal \u0165a\u017eiskov\u00fd verejn\u00fd priestor. Urbanistick\u00e1 \u0161trukt\u00fara m\u00e1 primeran\u00fa hustotu a ve\u013emi zauj\u00edmavo pracuje s do\u010dasnou architekt\u00farou a mikrourbanizmom v podobe tzv. \u201e\u017eehli\u010diek\u201c s&nbsp;rozli\u010dnou mierou programov\u00e9ho vyu\u017eitia.\u201c \u2013 Ing. arch. Katar\u00edna Boh\u00e1\u010dov\u00e1, PhD.<\/p>\n\n\n\n<p>Filozofia n\u00e1vrhu a celkov\u00e1 koncepcia odpoved\u00e1 na ot\u00e1zky dopravy, pohybu pe\u0161\u00edch, cyklistov a problematiku novej z\u00e1stavby. Charakteristikou n\u00e1vrhu je pr\u00e1ca s ter\u00e9nom v podobe vyrovnania v\u00fd\u0161kov\u00fdch rozdielov medzi hr\u00e1dzou a&nbsp;\u017eelezni\u010dn\u00fdm valom a vysp\u00e1dovan\u00edm smerom k centru. V z\u00e1plavovej oblasti je typick\u00e9 fr\u00e9zovanie ter\u00e9nu smerom k centru, ktor\u00e9 vytv\u00e1ra raster a \u010dlen\u00ed \u00fazemie na men\u0161ie \u010dasti, ktor\u00e9 pon\u00fakaj\u00fa r\u00f4zne funk\u010dn\u00e9 n\u00e1plne. Toto fr\u00e9zovanie je zakon\u010den\u00e9 dominantou n\u00e1vrhu, ktorou je z\u00e1liv v oblasti medzi dvomi mostami \u2014 nov\u00fd \u017eelezni\u010dn\u00fd a&nbsp;star\u00fd \u017eelezni\u010dn\u00fd. Z\u00e1liv je vytvoren\u00fd v oblasti, kde sa dnes nach\u00e1dza odvod\u0148ovacie potrubie da\u017e\u010fovej vody z mesta, ktor\u00e9 je pod zemou. Teda z\u00e1livom sa voda dost\u00e1va nielen bli\u017e\u0161ie k centru a vyu\u017e\u00edva inak neatrakt\u00edvne \u00fazemie, ale z\u00e1rove\u0148 m\u00e1 aj funk\u010dn\u00e9 opodstatnenie (priestor pre pr\u00edstav).<\/p>\n\n\n\n<p>Ako rod\u00e1k z&nbsp;Pie\u0161\u0165an si za svoj diplomov\u00fd projekt vybral objekt sila v&nbsp;rodnom meste. Utopistick\u00fdm projektom s&nbsp;plav\u00e1r\u0148ou na poschod\u00ed a&nbsp;so \u0161k\u00f4lkou na pr\u00edzem\u00ed ukon\u010dil svoje \u0161t\u00fadium na FAD STU.<\/p>\n\n\n\n<p>Po \u0161kole sa so svojim architektonick\u00fdm t\u00edmom us\u00eddlili v ateli\u00e9ri v Novej Cvernovke na Ra\u010dianskej ulici. Ich tvorba a&nbsp;pr\u00e1ca na spolo\u010dn\u00fdch projektoch by sa dala charakterizova\u0165 ako interdisciplin\u00e1rne prieniky do architekt\u00fary. Za\u010dali sa podie\u013ea\u0165 sa na mno\u017estve zauj\u00edmav\u00fdch projektov, napr\u00edklad participovali na ben\u00e1tskom bien\u00e1le s v\u00fdznamnou slovenskou umelky\u0148ou Janou \u017delibskou. Tie\u017e organizovali architektonick\u00e9 s\u00fa\u0165a\u017ee v Nitre a so svoj\u00edm n\u00e1vrhom vyhrali architektonick\u00fa s\u00fa\u0165a\u017e na \u010desk\u00fd H\u0159bitov Hostiva\u0159.<\/p>\n\n\n\n<p>Cintor\u00edny s\u00fa neoddelite\u013enou s\u00fa\u010das\u0165ou ka\u017ed\u00e9ho mesta. Preto je potrebn\u00e9 myslie\u0165 na \u00fapravu a starostlivos\u0165, ktor\u00fa tieto priestory potrebuj\u00fa. Spr\u00e1va pra\u017esk\u00fdch cintor\u00ednov vyhl\u00e1sila v spolupr\u00e1ci s Hlavn\u00fdm koncep\u010dn\u00fdm pracoviskom Prahy v oblasti architekt\u00fary, urbanizmu, rozvoja, tvorby a spr\u00e1vy mesta urbanisticko-architektonick\u00fa s\u00fa\u0165a\u017e na rie\u0161enie roz\u0161\u00edrenia hostiva\u0159sk\u00e9ho cintor\u00edna. Cie\u013eom bolo n\u00e1js\u0165 podobu novozalo\u017een\u00e9ho cintor\u00ednskeho oddelenia, ktor\u00e9 bude sl\u00fa\u017ei\u0165 d\u00f4stojn\u00e9mu ulo\u017eeniu spopolnen\u00fdch \u013eudsk\u00fdch ostatkov. Zv\u00ed\u0165azil n\u00e1vrh autorsk\u00e9ho t\u00edmu v zlo\u017een\u00ed Stanislav Kr\u010dm\u00e1rik, \u013dubica La\u0161\u00e1kov\u00e1, Luk\u00e1\u0161 Rado\u0161ovsk\u00fd, R\u00f3bert Bakyta, Mat\u00fa\u0161 Grega-Jakub, Peter Jane\u010dek a Ivan Boro\u0161.&nbsp;<\/p>\n\n\n\n<p>Porota ocenila presved\u010divos\u0165 a \u010distotu architektonick\u00e9ho rie\u0161enia, ktor\u00e9 pracuje s minimom prvkov, a nad\u010dasovos\u0165 zvolen\u00e9ho konceptu. Kreat\u00edvnym pr\u00edstupom k trad\u00edcii doch\u00e1dza ku kultiv\u00e1cii miesta, ktor\u00e9 je dnes neukotven\u00e9. N\u00e1vrh svoj\u00edm uzavret\u00fdm charakterom prirodzene nadv\u00e4zuje na existuj\u00facu \u0161trukt\u00faru cintor\u00edna. Priestor sa zrete\u013ene vymedzuje zo svojho okolia a vytv\u00e1ra siln\u00e9 jasne definovan\u00e9 miesto ur\u010den\u00e9 na kontempl\u00e1ciu. Porota tie\u017e pozit\u00edvne hodnotila inovat\u00edvne ukladanie urien, ktor\u00e9 sa st\u00e1vaj\u00fa s\u00fa\u010das\u0165ou architekt\u00fary miesta a aj napriek po\u010detnosti ulo\u017eenia nijako neru\u0161ia \u00fastredn\u00fd meditat\u00edvny priestor. Navrhovan\u00e9 rie\u0161enie \u00fastredn\u00e9ho priestoru m\u00e1 potenci\u00e1l \u017ei\u0165 v \u010dase, vyv\u00edja\u0165 sa a fungova\u0165 bu\u010f ako vsypov\u00e1 l\u00fa\u010dka alebo sa m\u00f4\u017ee postupne sta\u0165 in\u00fdm priestorom reflektuj\u00facim vyu\u017eitie cintor\u00edna. Je nutn\u00e9 preveri\u0165 samostatn\u00fd sp\u00f4sob ukladania urien do steny a materi\u00e1lov\u00e9 a technick\u00e9 prevedenie. Navrhnut\u00e9 parkovanie pri komunik\u00e1cii nie je re\u00e1lne, charakter n\u00e1vrhu v\u0161ak umo\u017e\u0148uje jeho premiestnenie.<\/p>\n\n\n\n<p>Po \u0161kolsk\u00fd zadaniach, vlastn\u00fdch projektoch a s\u00fa\u0165a\u017eiach sa \u010doraz viac za\u010dal venova\u0165 dianiu v&nbsp;<a href=\"https:\/\/novacvernovka.eu\/program\" target=\"_blank\" rel=\"noreferrer noopener\">Novej Cvernovke<\/a>.&nbsp;Moment\u00e1lne pracuje ako eventov\u00fd architekt pre kult\u00farne a kreat\u00edvne centrum Nov\u00e1 Cvernovka, ako stage dizajn\u00e9r, ako architekt m\u00e1 pod palcom vizualitu a sc\u00e9nografiu vlajkovej p\u00e1rty No\u010dn\u00e1 v&nbsp;Novej Cvernovke, kde sa v\u017edy sna\u017e\u00ed participova\u0165 s r\u00f4znymi vizu\u00e1lnymi umelcami a prinies\u0165 jedine\u010dn\u00fd z\u00e1\u017eitok.<\/p>\n\n\n\n<p>Jednou z vydaren\u00fdch in\u0161tal\u00e1cii Bielej noci v Bratislave bola svojpomocne postaven\u00e1 sauna v Novej Cvernovke. Oproti bombastick\u00fdm sveteln\u00fdm in\u0161tal\u00e1ci\u00e1m z nej vy\u017earovalo nie\u010do navy\u0161e a ne\u0161lo pritom o paru. I\u0161lo o jednoduch\u00fd a pritom logick\u00fd koncept. Dizajn\u00e9ri zo Strednej triedy (Mat\u00fa\u0161 Lelovsk\u00fd, Luk\u00e1\u0161 Rado\u0161ovsk\u00fd, R\u00f3bert Bakyta, Monika Kr\u010dm\u00e9ryov\u00e1, Pavl\u00edna Morh\u00e1\u010dov\u00e1) chceli prida\u0165 k programu nie\u010do, \u010do s\u00edce za\u017eiari re\u00e1lne aj medi\u00e1lne v programe festivalu, ale z\u00e1rove\u0148 bude ma\u0165 \u00fa\u017eitok pre komunitu, ktor\u00e1 are\u00e1l Novej Cvernovky svojpomocne prestavuje. Jednoduch\u00fa dreven\u00fa kon\u0161trukciu dizajn\u00e9ri \u201eobalili\u201c transparentn\u00fdm, finan\u010dne nen\u00e1ro\u010dn\u00fdm lexanom, ktor\u00fd vydr\u017e\u00ed a\u017e do 120\u00b0&nbsp;C, a preto pre \u00fa\u010del sauny vyhovuje. Po\u010das Bielej noci v saune premi\u00e9rovo zak\u00farili a zasvietili. \u017diara z vn\u00fatra a siluety saunuj\u00facich sa boli v\u00fdrazne in\u00e9 ako sa pri sveteln\u00fdch in\u0161tal\u00e1ci\u00e1ch o\u010dak\u00e1va. Vznikol sveteln\u00fd objekt, ktor\u00fd bol skuto\u010dn\u00fd, neka\u0161\u00edrovan\u00fd, z\u00e1bavn\u00fd aj tajomn\u00fd a e\u0161te aj dobr\u00fd pre zdravie. Il\u00fazia, ktor\u00e1 pretrv\u00e1. Koment\u00e1r autorov: \u201eMimozemsk\u00fd dymiaci a svietiaci objekt\u2026 Prepoj\u00ed z\u00e1\u017eitok z prehriatia okt\u00f3brov\u00fdch kost\u00ed s \u013eadovou sprchou z kor\u00fan stromov a n\u00e1sledn\u00e9ho posedenia v plachte pri ohni.\u201c<\/p>\n\n\n\n<p>Spolu s&nbsp;\u010fal\u0161\u00edm kolegom, architektom Jurajom Hari\u0161om pracuj\u00fa pre Nad\u00e1ciu Cvernovka na viacer\u00fdch projektoch \u2013 medzi in\u00fdmi aj na <a href=\"http:\/\/www.sutnapark.sk\" target=\"_blank\" rel=\"noreferrer noopener\">www.sutnapark.sk<\/a>.<\/p>\n\n\n\n<p>Jednou z najv\u00e4\u010d\u0161\u00edch v\u00fdziev pre Nov\u00fa Cvernovku bolo pred p\u00e1r rokmi tis\u00edc ton sute zmie\u0161an\u00e9ho stavebn\u00e9ho odpadu, ktor\u00fd vznikol za \u0161kolou po rekon\u0161trukcii. Prv\u00fdm rie\u0161en\u00edm bol odvoz sute na skl\u00e1dku, ke\u010f ho v\u0161ak vy\u010d\u00edslili na 50-tis\u00edc eur, uvedomili si, \u017ee potrebuj\u00fa z\u00edska\u0165 \u010das na premyslenie \u010fal\u0161\u00edch mo\u017enost\u00ed. S n\u00e1padom pok\u00fasi\u0165 sa su\u0165 recyklova\u0165, pri\u0161iel architekt Juraj Hari\u0161, ktor\u00fd sa zauj\u00edma o ekologick\u00e9 rie\u0161enia a cirkul\u00e1rnu ekonomiku. Pomocn\u00fa ruku podali \u013eudia z komunity. V\u010faka nim sa podarilo su\u0165 vytriedi\u0165 v priebehu nieko\u013ek\u00fdch mesiacov. S pomocou v\u00fdskumu zistili, \u010do v\u0161etko sa d\u00e1 zo sute transformova\u0165 na stavebn\u00fd recykl\u00e1t. Odborn\u00e9 rady h\u013eadali aj u profesora Zlatu\u0161ku z Brna, ktor\u00fd sa vo svojom v\u00fdskume venuje mlatov\u00fdm povrchom. \u201eSk\u00fa\u0161ali sme s n\u00edm, ko\u013eko zlo\u017eiek potrebujeme na to, aby sme mohli urobi\u0165 jednotliv\u00e9 vrstvy \u2013 frakcie, ktor\u00e9 by mali potrebn\u00e9 vlastnosti. Odporu\u010dil n\u00e1m \u010fal\u0161ie laborat\u00f3ri\u00e1, v ktor\u00fdch sme materi\u00e1l dali otestova\u0165. Vysvetlil n\u00e1m, ako m\u00e1me materi\u00e1l namie\u0161a\u0165, aby bol povrch v parku stabiln\u00fd. Vieme v podstate vyu\u017ei\u0165 v\u0161etky materi\u00e1ly zo sute. Nie je tam ni\u010d, \u010do by bolo nebezpe\u010dn\u00e9 pre \u017eivotn\u00e9 prostredie a v\u00e4\u010d\u0161inu recykl\u00e1tu zo sute&nbsp;&nbsp;\u2013 nov\u00e9ho stavebn\u00e9ho materi\u00e1lu sa n\u00e1m podarilo revitalizova\u0165 do nov\u00fdch povrchov v parku,\u201d hovor\u00ed Luk\u00e1\u0161 Rado\u0161ovsk\u00fd a&nbsp;dod\u00e1va, \u017ee rozhodnutie vyu\u017ei\u0165 materi\u00e1l pr\u00e1ve v parku sa javilo ako prirodzen\u00e9 rie\u0161enie. Nad\u00e1cia Cvernovka dala v tom \u010dase vypracova\u0165 n\u00e1vrh architektonick\u00fdmi ateli\u00e9rmi LABAK a 2021.<\/p>\n\n\n\n<p>Ako event architekt spolupracuje najm\u00e4 s&nbsp;lightdizajn\u00e9rom Jozefom \u010cabom. Ich cie\u013eom je vytvori\u0165 in\u00fd z\u00e1\u017eitok z&nbsp;podujat\u00ed, kde s&nbsp;sna\u017eia aby n\u00e1v\u0161tevn\u00edk vn\u00edmal svetlo a&nbsp;sc\u00e9nografiu ako s\u00fa\u010das\u0165 celkovej architekt\u00fary a&nbsp;dramaturgie podujatia. Spolupracuj\u00fa napr\u00edklad s&nbsp;festivalmi ako Grape, Pohoda, Flaam a Sharp alebo podujat\u00edm Fashion Live!, Urban Market a No\u010dn\u00e1.<\/p>\n\n\n\n<p>Dnes Luk\u00e1\u0161a zamestn\u00e1va hlavne v\u00fdstava Myceliumhub, ktor\u00e1 reflektuje s\u00fa\u010dasn\u00fd stav vysporiadavania sa s klimatick\u00fdmi zmenami v prostred\u00ed komunity Novej Cvernovky. Luk\u00e1\u0161 je s\u00fa\u010das\u0165ou o.z. Dr\u017e hubu!, ktor\u00e9 vytv\u00e1ra spojenia ako huby a na tejto v\u00fdstave dokumentuje technick\u00e9 inov\u00e1cie na \u00farovni poznania nov\u00fdch materi\u00e1lov a mo\u017enosti poznania h\u00fab. o.z. Dr\u017e Hubu! sa sna\u017e\u00ed o populariz\u00e1ciu jedl\u00fdch h\u00fab, taktie\u017e aj myceliovych materi\u00e1lov, ktor\u00e9 akt\u00edvne sk\u00fama. Vytv\u00e1ra komunitu nad\u0161encov v oblasti mykol\u00f3gie, gastron\u00f3mie, vedy a umenia.<\/p>\n\n\n\n<p><a href=\"http:\/\/Dr\u017e Hubu!\" target=\"_blank\" rel=\"noreferrer noopener\">Dr\u017e Hubu!<\/a> je ale ja partia kamar\u00e1tov, ktor\u00fdch zauj\u00edmaj\u00fa aplik\u00e1cie myc\u00e9lia a vyu\u017eitie h\u00fab v urb\u00e1nnom a umeleckom prostred\u00ed. Dr\u017e hubu! je tie\u017e satirou na spolo\u010dnos\u0165, ktor\u00e1 vyjadruje ich zanietenos\u0165 a pracovitos\u0165. Postupne chc\u00fa rozv\u00edja\u0165 komunitu, ktor\u00e1 je postaven\u00e1 na kamar\u00e1tskych vz\u0165ahoch a kult\u00fare. Myc\u00e9lium v ich Petriho misk\u00e1ch je metaforou akt\u00edvneho podhubia medzi\u013eudsk\u00fdch vz\u0165ahov a kult\u00fary.<\/p>\n\n\n\n<hr class=\"wp-block-separator has-text-color has-background\" style=\"background-color:#ff2ac4;color:#ff2ac4\"\/>\n\n\n\n<div class=\"wp-block-buttons is-layout-flex wp-block-buttons-is-layout-flex\">\n<div class=\"wp-block-button\"><a class=\"wp-block-button__link has-background\" href=\"https:\/\/www.instagram.com\/lukasradosovsky\/\" style=\"background-color:#ff2ac4\" target=\"_blank\" rel=\"noreferrer noopener\">INSTAGRAM<\/a><\/div>\n<\/div>\n\n\n\n<div style=\"height:100px\" aria-hidden=\"true\" class=\"wp-block-spacer\"><\/div>\n\n\n\n<iframe loading=\"lazy\" width=\"100%\" height=\"400\" src=\"https:\/\/www.mixcloud.com\/widget\/iframe\/?light=1&#038;feed=%2FCerstve_Ovocie%2Fluk%C3%A1%C5%A1-rado%C5%A1ovsk%C3%BD-hub%C3%A1r-a-architekt-ktor%C3%BD-je-prec%C3%ADzny-detailista-a-r%C3%A1d-rob%C3%AD-veci-zd%C4%BAhavo%2F\" frameborder=\"0\" ><\/iframe>\n\n\n\n<hr class=\"wp-block-separator has-text-color has-background\" style=\"background-color:#ff2ac4;color:#ff2ac4\"\/>\n\n\n\nngg_shortcode_0_placeholder\n\n\n\n<p><\/p>\n","protected":false},"excerpt":{"rendered":"<p>\u010eal\u0161\u00ed z absolventov z\u00e1kladnej umeleckej \u0161koly, ktor\u00fd sa rozhodol pokra\u010dova\u0165 vo svojej umeleckej \u010dinnosti. Ke\u010f\u017ee jeho mama \u0161tudovala stavebn\u00fa priemyslovku aj Luk\u00e1\u0161 sa rozhodol \u00eds\u0165 touto cestou. Jeho umeleck\u00e1 \u010dinnos\u0165 s\u00edce pokra\u010dovala, no zameral sa v\u0161ak viac na jej \u201ekon\u0161truk\u010dn\u00fa\u201c zlo\u017eku, na architekt\u00faru. Po stavebnej priemyslovke v&nbsp;Trnave, ved\u00fa jeho kroky na Slovensk\u00fa technick\u00fa univerzitu do [&hellip;]<\/p>\n","protected":false},"author":3,"featured_media":2971,"comment_status":"open","ping_status":"open","sticky":false,"template":"","format":"standard","meta":{"_monsterinsights_skip_tracking":false,"_monsterinsights_sitenote_active":false,"_monsterinsights_sitenote_note":"","_monsterinsights_sitenote_category":0,"ngg_post_thumbnail":0,"footnotes":""},"categories":[30,31],"tags":[3,7,5,34,331,317,330],"class_list":["post-2970","post","type-post","status-publish","format-standard","has-post-thumbnail","hentry","category-cerstve-ovocie","category-novinky","tag-architektura","tag-cerstve-ovocie_fm","tag-dizajn","tag-efemko","tag-huby","tag-scenografia","tag-svetelny-dizajn"],"yoast_head":"<!-- This site is optimized with the Yoast SEO plugin v26.8 - https:\/\/yoast.com\/product\/yoast-seo-wordpress\/ -->\n<title>&quot;Hub\u00e1r&quot; a architekt, ktor\u00fd je predc\u00edzny detailista a r\u00e1d rob\u00ed veci zd\u013ahavo - \u010cerstv\u00e9 Ovocie<\/title>\n<meta name=\"robots\" content=\"index, follow, max-snippet:-1, max-image-preview:large, max-video-preview:-1\" \/>\n<link rel=\"canonical\" href=\"https:\/\/www.cerstveovocie.sk\/hubar-a-architekt-ktory-je-predcizny-detailista-a-rad-robi-veci-zdlhavo\/\" \/>\n<meta property=\"og:locale\" content=\"sk_SK\" \/>\n<meta property=\"og:type\" content=\"article\" \/>\n<meta property=\"og:title\" content=\"&quot;Hub\u00e1r&quot; a architekt, ktor\u00fd je predc\u00edzny detailista a r\u00e1d rob\u00ed veci zd\u013ahavo - \u010cerstv\u00e9 Ovocie\" \/>\n<meta property=\"og:description\" content=\"\u010eal\u0161\u00ed z absolventov z\u00e1kladnej umeleckej \u0161koly, ktor\u00fd sa rozhodol pokra\u010dova\u0165 vo svojej umeleckej \u010dinnosti. Ke\u010f\u017ee jeho mama \u0161tudovala stavebn\u00fa priemyslovku aj Luk\u00e1\u0161 sa rozhodol \u00eds\u0165 touto cestou. Jeho umeleck\u00e1 \u010dinnos\u0165 s\u00edce pokra\u010dovala, no zameral sa v\u0161ak viac na jej \u201ekon\u0161truk\u010dn\u00fa\u201c zlo\u017eku, na architekt\u00faru. Po stavebnej priemyslovke v&nbsp;Trnave, ved\u00fa jeho kroky na Slovensk\u00fa technick\u00fa univerzitu do [&hellip;]\" \/>\n<meta property=\"og:url\" content=\"https:\/\/www.cerstveovocie.sk\/hubar-a-architekt-ktory-je-predcizny-detailista-a-rad-robi-veci-zdlhavo\/\" \/>\n<meta property=\"og:site_name\" content=\"\u010cerstv\u00e9 Ovocie\" \/>\n<meta property=\"article:published_time\" content=\"2022-12-12T06:00:00+00:00\" \/>\n<meta property=\"article:modified_time\" content=\"2023-01-08T21:10:58+00:00\" \/>\n<meta property=\"og:image\" content=\"https:\/\/www.cerstveovocie.sk\/wp-content\/uploads\/2022\/12\/Lukas-Radosovsky_02.jpg\" \/>\n\t<meta property=\"og:image:width\" content=\"1822\" \/>\n\t<meta property=\"og:image:height\" content=\"1215\" \/>\n\t<meta property=\"og:image:type\" content=\"image\/jpeg\" \/>\n<meta name=\"author\" content=\"Martin Brix\" \/>\n<meta name=\"twitter:card\" content=\"summary_large_image\" \/>\n<meta name=\"twitter:label1\" content=\"Autor\" \/>\n\t<meta name=\"twitter:data1\" content=\"Martin Brix\" \/>\n\t<meta name=\"twitter:label2\" content=\"Predpokladan\u00fd \u010das \u010d\u00edtania\" \/>\n\t<meta name=\"twitter:data2\" content=\"8 min\u00fat\" \/>\n<script type=\"application\/ld+json\" class=\"yoast-schema-graph\">{\"@context\":\"https:\/\/schema.org\",\"@graph\":[{\"@type\":\"Article\",\"@id\":\"https:\/\/www.cerstveovocie.sk\/hubar-a-architekt-ktory-je-predcizny-detailista-a-rad-robi-veci-zdlhavo\/#article\",\"isPartOf\":{\"@id\":\"https:\/\/www.cerstveovocie.sk\/hubar-a-architekt-ktory-je-predcizny-detailista-a-rad-robi-veci-zdlhavo\/\"},\"author\":{\"name\":\"Martin Brix\",\"@id\":\"https:\/\/www.cerstveovocie.sk\/#\/schema\/person\/8e202c9288643a126812bf9c72605646\"},\"headline\":\"&#8222;Hub\u00e1r&#8220; a architekt, ktor\u00fd je predc\u00edzny detailista a r\u00e1d rob\u00ed veci zd\u013ahavo\",\"datePublished\":\"2022-12-12T06:00:00+00:00\",\"dateModified\":\"2023-01-08T21:10:58+00:00\",\"mainEntityOfPage\":{\"@id\":\"https:\/\/www.cerstveovocie.sk\/hubar-a-architekt-ktory-je-predcizny-detailista-a-rad-robi-veci-zdlhavo\/\"},\"wordCount\":1792,\"commentCount\":0,\"image\":{\"@id\":\"https:\/\/www.cerstveovocie.sk\/hubar-a-architekt-ktory-je-predcizny-detailista-a-rad-robi-veci-zdlhavo\/#primaryimage\"},\"thumbnailUrl\":\"https:\/\/d.r1.wbsprt.com\/cerstveovocie.sk\/wp-content\/uploads\/2022\/12\/Lukas-Radosovsky_02.jpg\",\"keywords\":[\"architekt\u00fara\",\"\u010derstv\u00e9 ovocie_fm\",\"dizajn\",\"efemko\",\"huby\",\"sc\u00e9nografia\",\"sveteln\u00fd dizajn\"],\"articleSection\":[\"\u010cerstv\u00e9 Ovocie\",\"Novinky\"],\"inLanguage\":\"sk-SK\",\"potentialAction\":[{\"@type\":\"CommentAction\",\"name\":\"Comment\",\"target\":[\"https:\/\/www.cerstveovocie.sk\/hubar-a-architekt-ktory-je-predcizny-detailista-a-rad-robi-veci-zdlhavo\/#respond\"]}]},{\"@type\":\"WebPage\",\"@id\":\"https:\/\/www.cerstveovocie.sk\/hubar-a-architekt-ktory-je-predcizny-detailista-a-rad-robi-veci-zdlhavo\/\",\"url\":\"https:\/\/www.cerstveovocie.sk\/hubar-a-architekt-ktory-je-predcizny-detailista-a-rad-robi-veci-zdlhavo\/\",\"name\":\"\\\"Hub\u00e1r\\\" a architekt, ktor\u00fd je predc\u00edzny detailista a r\u00e1d rob\u00ed veci zd\u013ahavo - \u010cerstv\u00e9 Ovocie\",\"isPartOf\":{\"@id\":\"https:\/\/www.cerstveovocie.sk\/#website\"},\"primaryImageOfPage\":{\"@id\":\"https:\/\/www.cerstveovocie.sk\/hubar-a-architekt-ktory-je-predcizny-detailista-a-rad-robi-veci-zdlhavo\/#primaryimage\"},\"image\":{\"@id\":\"https:\/\/www.cerstveovocie.sk\/hubar-a-architekt-ktory-je-predcizny-detailista-a-rad-robi-veci-zdlhavo\/#primaryimage\"},\"thumbnailUrl\":\"https:\/\/d.r1.wbsprt.com\/cerstveovocie.sk\/wp-content\/uploads\/2022\/12\/Lukas-Radosovsky_02.jpg\",\"datePublished\":\"2022-12-12T06:00:00+00:00\",\"dateModified\":\"2023-01-08T21:10:58+00:00\",\"author\":{\"@id\":\"https:\/\/www.cerstveovocie.sk\/#\/schema\/person\/8e202c9288643a126812bf9c72605646\"},\"breadcrumb\":{\"@id\":\"https:\/\/www.cerstveovocie.sk\/hubar-a-architekt-ktory-je-predcizny-detailista-a-rad-robi-veci-zdlhavo\/#breadcrumb\"},\"inLanguage\":\"sk-SK\",\"potentialAction\":[{\"@type\":\"ReadAction\",\"target\":[\"https:\/\/www.cerstveovocie.sk\/hubar-a-architekt-ktory-je-predcizny-detailista-a-rad-robi-veci-zdlhavo\/\"]}]},{\"@type\":\"ImageObject\",\"inLanguage\":\"sk-SK\",\"@id\":\"https:\/\/www.cerstveovocie.sk\/hubar-a-architekt-ktory-je-predcizny-detailista-a-rad-robi-veci-zdlhavo\/#primaryimage\",\"url\":\"https:\/\/d.r1.wbsprt.com\/cerstveovocie.sk\/wp-content\/uploads\/2022\/12\/Lukas-Radosovsky_02.jpg\",\"contentUrl\":\"https:\/\/d.r1.wbsprt.com\/cerstveovocie.sk\/wp-content\/uploads\/2022\/12\/Lukas-Radosovsky_02.jpg\",\"width\":1822,\"height\":1215},{\"@type\":\"BreadcrumbList\",\"@id\":\"https:\/\/www.cerstveovocie.sk\/hubar-a-architekt-ktory-je-predcizny-detailista-a-rad-robi-veci-zdlhavo\/#breadcrumb\",\"itemListElement\":[{\"@type\":\"ListItem\",\"position\":1,\"name\":\"Home\",\"item\":\"https:\/\/www.cerstveovocie.sk\/\"},{\"@type\":\"ListItem\",\"position\":2,\"name\":\"&#8222;Hub\u00e1r&#8220; a architekt, ktor\u00fd je predc\u00edzny detailista a r\u00e1d rob\u00ed veci zd\u013ahavo\"}]},{\"@type\":\"WebSite\",\"@id\":\"https:\/\/www.cerstveovocie.sk\/#website\",\"url\":\"https:\/\/www.cerstveovocie.sk\/\",\"name\":\"\u010cerstv\u00e9 Ovocie\",\"description\":\"V\u00fd\u017eivn\u00e1 porcia lok\u00e1lnej tvorby.\",\"potentialAction\":[{\"@type\":\"SearchAction\",\"target\":{\"@type\":\"EntryPoint\",\"urlTemplate\":\"https:\/\/www.cerstveovocie.sk\/?s={search_term_string}\"},\"query-input\":{\"@type\":\"PropertyValueSpecification\",\"valueRequired\":true,\"valueName\":\"search_term_string\"}}],\"inLanguage\":\"sk-SK\"},{\"@type\":\"Person\",\"@id\":\"https:\/\/www.cerstveovocie.sk\/#\/schema\/person\/8e202c9288643a126812bf9c72605646\",\"name\":\"Martin Brix\",\"image\":{\"@type\":\"ImageObject\",\"inLanguage\":\"sk-SK\",\"@id\":\"https:\/\/www.cerstveovocie.sk\/#\/schema\/person\/image\/\",\"url\":\"https:\/\/secure.gravatar.com\/avatar\/6af874eeaf8969d475094f41c59f338c12819f2025832a5aa203c0d29ad36294?s=96&d=mm&r=g\",\"contentUrl\":\"https:\/\/secure.gravatar.com\/avatar\/6af874eeaf8969d475094f41c59f338c12819f2025832a5aa203c0d29ad36294?s=96&d=mm&r=g\",\"caption\":\"Martin Brix\"},\"url\":\"https:\/\/d.r1.wbsprt.com\/cerstveovocie.sk\/author\/brix\/\"}]}<\/script>\n<!-- \/ Yoast SEO plugin. -->","yoast_head_json":{"title":"\"Hub\u00e1r\" a architekt, ktor\u00fd je predc\u00edzny detailista a r\u00e1d rob\u00ed veci zd\u013ahavo - \u010cerstv\u00e9 Ovocie","robots":{"index":"index","follow":"follow","max-snippet":"max-snippet:-1","max-image-preview":"max-image-preview:large","max-video-preview":"max-video-preview:-1"},"canonical":"https:\/\/www.cerstveovocie.sk\/hubar-a-architekt-ktory-je-predcizny-detailista-a-rad-robi-veci-zdlhavo\/","og_locale":"sk_SK","og_type":"article","og_title":"\"Hub\u00e1r\" a architekt, ktor\u00fd je predc\u00edzny detailista a r\u00e1d rob\u00ed veci zd\u013ahavo - \u010cerstv\u00e9 Ovocie","og_description":"\u010eal\u0161\u00ed z absolventov z\u00e1kladnej umeleckej \u0161koly, ktor\u00fd sa rozhodol pokra\u010dova\u0165 vo svojej umeleckej \u010dinnosti. Ke\u010f\u017ee jeho mama \u0161tudovala stavebn\u00fa priemyslovku aj Luk\u00e1\u0161 sa rozhodol \u00eds\u0165 touto cestou. Jeho umeleck\u00e1 \u010dinnos\u0165 s\u00edce pokra\u010dovala, no zameral sa v\u0161ak viac na jej \u201ekon\u0161truk\u010dn\u00fa\u201c zlo\u017eku, na architekt\u00faru. Po stavebnej priemyslovke v&nbsp;Trnave, ved\u00fa jeho kroky na Slovensk\u00fa technick\u00fa univerzitu do [&hellip;]","og_url":"https:\/\/www.cerstveovocie.sk\/hubar-a-architekt-ktory-je-predcizny-detailista-a-rad-robi-veci-zdlhavo\/","og_site_name":"\u010cerstv\u00e9 Ovocie","article_published_time":"2022-12-12T06:00:00+00:00","article_modified_time":"2023-01-08T21:10:58+00:00","og_image":[{"width":1822,"height":1215,"url":"https:\/\/www.cerstveovocie.sk\/wp-content\/uploads\/2022\/12\/Lukas-Radosovsky_02.jpg","type":"image\/jpeg"}],"author":"Martin Brix","twitter_card":"summary_large_image","twitter_misc":{"Autor":"Martin Brix","Predpokladan\u00fd \u010das \u010d\u00edtania":"8 min\u00fat"},"schema":{"@context":"https:\/\/schema.org","@graph":[{"@type":"Article","@id":"https:\/\/www.cerstveovocie.sk\/hubar-a-architekt-ktory-je-predcizny-detailista-a-rad-robi-veci-zdlhavo\/#article","isPartOf":{"@id":"https:\/\/www.cerstveovocie.sk\/hubar-a-architekt-ktory-je-predcizny-detailista-a-rad-robi-veci-zdlhavo\/"},"author":{"name":"Martin Brix","@id":"https:\/\/www.cerstveovocie.sk\/#\/schema\/person\/8e202c9288643a126812bf9c72605646"},"headline":"&#8222;Hub\u00e1r&#8220; a architekt, ktor\u00fd je predc\u00edzny detailista a r\u00e1d rob\u00ed veci zd\u013ahavo","datePublished":"2022-12-12T06:00:00+00:00","dateModified":"2023-01-08T21:10:58+00:00","mainEntityOfPage":{"@id":"https:\/\/www.cerstveovocie.sk\/hubar-a-architekt-ktory-je-predcizny-detailista-a-rad-robi-veci-zdlhavo\/"},"wordCount":1792,"commentCount":0,"image":{"@id":"https:\/\/www.cerstveovocie.sk\/hubar-a-architekt-ktory-je-predcizny-detailista-a-rad-robi-veci-zdlhavo\/#primaryimage"},"thumbnailUrl":"https:\/\/d.r1.wbsprt.com\/cerstveovocie.sk\/wp-content\/uploads\/2022\/12\/Lukas-Radosovsky_02.jpg","keywords":["architekt\u00fara","\u010derstv\u00e9 ovocie_fm","dizajn","efemko","huby","sc\u00e9nografia","sveteln\u00fd dizajn"],"articleSection":["\u010cerstv\u00e9 Ovocie","Novinky"],"inLanguage":"sk-SK","potentialAction":[{"@type":"CommentAction","name":"Comment","target":["https:\/\/www.cerstveovocie.sk\/hubar-a-architekt-ktory-je-predcizny-detailista-a-rad-robi-veci-zdlhavo\/#respond"]}]},{"@type":"WebPage","@id":"https:\/\/www.cerstveovocie.sk\/hubar-a-architekt-ktory-je-predcizny-detailista-a-rad-robi-veci-zdlhavo\/","url":"https:\/\/www.cerstveovocie.sk\/hubar-a-architekt-ktory-je-predcizny-detailista-a-rad-robi-veci-zdlhavo\/","name":"\"Hub\u00e1r\" a architekt, ktor\u00fd je predc\u00edzny detailista a r\u00e1d rob\u00ed veci zd\u013ahavo - \u010cerstv\u00e9 Ovocie","isPartOf":{"@id":"https:\/\/www.cerstveovocie.sk\/#website"},"primaryImageOfPage":{"@id":"https:\/\/www.cerstveovocie.sk\/hubar-a-architekt-ktory-je-predcizny-detailista-a-rad-robi-veci-zdlhavo\/#primaryimage"},"image":{"@id":"https:\/\/www.cerstveovocie.sk\/hubar-a-architekt-ktory-je-predcizny-detailista-a-rad-robi-veci-zdlhavo\/#primaryimage"},"thumbnailUrl":"https:\/\/d.r1.wbsprt.com\/cerstveovocie.sk\/wp-content\/uploads\/2022\/12\/Lukas-Radosovsky_02.jpg","datePublished":"2022-12-12T06:00:00+00:00","dateModified":"2023-01-08T21:10:58+00:00","author":{"@id":"https:\/\/www.cerstveovocie.sk\/#\/schema\/person\/8e202c9288643a126812bf9c72605646"},"breadcrumb":{"@id":"https:\/\/www.cerstveovocie.sk\/hubar-a-architekt-ktory-je-predcizny-detailista-a-rad-robi-veci-zdlhavo\/#breadcrumb"},"inLanguage":"sk-SK","potentialAction":[{"@type":"ReadAction","target":["https:\/\/www.cerstveovocie.sk\/hubar-a-architekt-ktory-je-predcizny-detailista-a-rad-robi-veci-zdlhavo\/"]}]},{"@type":"ImageObject","inLanguage":"sk-SK","@id":"https:\/\/www.cerstveovocie.sk\/hubar-a-architekt-ktory-je-predcizny-detailista-a-rad-robi-veci-zdlhavo\/#primaryimage","url":"https:\/\/d.r1.wbsprt.com\/cerstveovocie.sk\/wp-content\/uploads\/2022\/12\/Lukas-Radosovsky_02.jpg","contentUrl":"https:\/\/d.r1.wbsprt.com\/cerstveovocie.sk\/wp-content\/uploads\/2022\/12\/Lukas-Radosovsky_02.jpg","width":1822,"height":1215},{"@type":"BreadcrumbList","@id":"https:\/\/www.cerstveovocie.sk\/hubar-a-architekt-ktory-je-predcizny-detailista-a-rad-robi-veci-zdlhavo\/#breadcrumb","itemListElement":[{"@type":"ListItem","position":1,"name":"Home","item":"https:\/\/www.cerstveovocie.sk\/"},{"@type":"ListItem","position":2,"name":"&#8222;Hub\u00e1r&#8220; a architekt, ktor\u00fd je predc\u00edzny detailista a r\u00e1d rob\u00ed veci zd\u013ahavo"}]},{"@type":"WebSite","@id":"https:\/\/www.cerstveovocie.sk\/#website","url":"https:\/\/www.cerstveovocie.sk\/","name":"\u010cerstv\u00e9 Ovocie","description":"V\u00fd\u017eivn\u00e1 porcia lok\u00e1lnej tvorby.","potentialAction":[{"@type":"SearchAction","target":{"@type":"EntryPoint","urlTemplate":"https:\/\/www.cerstveovocie.sk\/?s={search_term_string}"},"query-input":{"@type":"PropertyValueSpecification","valueRequired":true,"valueName":"search_term_string"}}],"inLanguage":"sk-SK"},{"@type":"Person","@id":"https:\/\/www.cerstveovocie.sk\/#\/schema\/person\/8e202c9288643a126812bf9c72605646","name":"Martin Brix","image":{"@type":"ImageObject","inLanguage":"sk-SK","@id":"https:\/\/www.cerstveovocie.sk\/#\/schema\/person\/image\/","url":"https:\/\/secure.gravatar.com\/avatar\/6af874eeaf8969d475094f41c59f338c12819f2025832a5aa203c0d29ad36294?s=96&d=mm&r=g","contentUrl":"https:\/\/secure.gravatar.com\/avatar\/6af874eeaf8969d475094f41c59f338c12819f2025832a5aa203c0d29ad36294?s=96&d=mm&r=g","caption":"Martin Brix"},"url":"https:\/\/d.r1.wbsprt.com\/cerstveovocie.sk\/author\/brix\/"}]}},"_links":{"self":[{"href":"https:\/\/d.r1.wbsprt.com\/cerstveovocie.sk\/wp-json\/wp\/v2\/posts\/2970","targetHints":{"allow":["GET"]}}],"collection":[{"href":"https:\/\/d.r1.wbsprt.com\/cerstveovocie.sk\/wp-json\/wp\/v2\/posts"}],"about":[{"href":"https:\/\/d.r1.wbsprt.com\/cerstveovocie.sk\/wp-json\/wp\/v2\/types\/post"}],"author":[{"embeddable":true,"href":"https:\/\/d.r1.wbsprt.com\/cerstveovocie.sk\/wp-json\/wp\/v2\/users\/3"}],"replies":[{"embeddable":true,"href":"https:\/\/d.r1.wbsprt.com\/cerstveovocie.sk\/wp-json\/wp\/v2\/comments?post=2970"}],"version-history":[{"count":2,"href":"https:\/\/d.r1.wbsprt.com\/cerstveovocie.sk\/wp-json\/wp\/v2\/posts\/2970\/revisions"}],"predecessor-version":[{"id":3099,"href":"https:\/\/d.r1.wbsprt.com\/cerstveovocie.sk\/wp-json\/wp\/v2\/posts\/2970\/revisions\/3099"}],"wp:featuredmedia":[{"embeddable":true,"href":"https:\/\/d.r1.wbsprt.com\/cerstveovocie.sk\/wp-json\/wp\/v2\/media\/2971"}],"wp:attachment":[{"href":"https:\/\/d.r1.wbsprt.com\/cerstveovocie.sk\/wp-json\/wp\/v2\/media?parent=2970"}],"wp:term":[{"taxonomy":"category","embeddable":true,"href":"https:\/\/d.r1.wbsprt.com\/cerstveovocie.sk\/wp-json\/wp\/v2\/categories?post=2970"},{"taxonomy":"post_tag","embeddable":true,"href":"https:\/\/d.r1.wbsprt.com\/cerstveovocie.sk\/wp-json\/wp\/v2\/tags?post=2970"}],"curies":[{"name":"wp","href":"https:\/\/api.w.org\/{rel}","templated":true}]}}