{"id":2251,"date":"2022-05-16T07:00:00","date_gmt":"2022-05-16T05:00:00","guid":{"rendered":"https:\/\/www.cerstveovocie.sk\/?p=2251"},"modified":"2022-06-07T19:47:06","modified_gmt":"2022-06-07T17:47:06","slug":"pre-svoj-perfekcionizmus-potrebuje-dostatok-casu-a-priestoru-na-hladanie-dokonalosti","status":"publish","type":"post","link":"https:\/\/d.r1.wbsprt.com\/cerstveovocie.sk\/pre-svoj-perfekcionizmus-potrebuje-dostatok-casu-a-priestoru-na-hladanie-dokonalosti\/","title":{"rendered":"Pre svoj perfekcionizmus potrebuje dostatok \u010dasu a priestoru na h\u013eadanie dokonalosti"},"content":{"rendered":"\n<p class=\"has-medium-font-size\">Petra sa venuje fotografii od svojich trin\u00e1stich rokov a&nbsp;to v\u010faka jej otcovi, ktor\u00fd viedol a bratovi, ktor\u00fd nav\u0161tevoval fotokr\u00fa\u017eok. U\u017e vtedy ju fotografia \u00faplne pohltila. V\u00e4\u010d\u0161inu svojho vo\u013en\u00e9ho \u010dasu tr\u00e1vila foten\u00edm, po nociach vyvol\u00e1van\u00edm filmov a zv\u00e4\u010d\u0161ovan\u00edm fotiek. Na fotokr\u00fa\u017eku&nbsp;stretla trnavsk\u00e9ho fotografa Bla\u017eeja Vitteka, ktor\u00fd Petre povedal, \u017ee m\u00e1 talent a&nbsp;\u017ee by fotografiu mala \u00eds\u0165 \u0161tudova\u0165.&nbsp;N\u00e1sledne ju dlhodobo a \u00faspe\u0161ne pripravoval na prij\u00edmacie sk\u00fa\u0161ky. Fotka Petru neop\u00fa\u0161\u0165ala ani v dospievan\u00ed. \u0160tudovala na \u0160kole \u00fa\u017eitkov\u00e9ho v\u00fdtvarn\u00edctva v Bratislave a n\u00e1sledne v Ateli\u00e9ri reklamnej fotografie v&nbsp;Zl\u00edne na Univerzite Tom\u00e1\u0161a Ba\u0165u, odkia\u013e si na pol roka odsko\u010dila na \u0161tudijn\u00fa st\u00e1\u017e na \u00c9cole sup\u00e9rieure d\u2019art et de design do franc\u00fazskeho Orl\u00e9ans.<\/p>\n\n\n\n<p>Potom pri\u0161lo man\u017eelstvo, s n\u00edm dve deti a boli momenty, kedy si Petra myslela, \u017ee sa jej fotografia \u00faplne vz\u010fa\u013euje. Ani po\u010das materskej v\u0161ak neprestala foti\u0165 a ako deti r\u00e1stli, postupne sa vracala do pr\u00e1ce ku men\u0161\u00edm projektom s kamar\u00e1tmi, tie sa menili na st\u00e1le v\u00e4\u010d\u0161ie a v\u00e4\u010d\u0161ie, a\u017e sa za\u010dala zam\u00fd\u0161\u013ea\u0165, \u010do \u010falej. Od \u0161koly mala predstavu, \u017ee by raz chcela ma\u0165 vlastn\u00e9 foto\u0161t\u00fadio. N\u00e1hodou na\u0161la \u00fatuln\u00fd priestor v centre Bratislavy a oslovila kamar\u00e1tku &#8211; tie\u017e fotografku, \u010di by do toho nei\u0161li spolu. A tak vzniklo \u0161t\u00fadio <a href=\"https:\/\/goodstudio.photography\" target=\"_blank\" rel=\"noreferrer noopener\">Good Studio<\/a>, kde sa Petra prim\u00e1rne venuje reklamnej fotografii a fotografovaniu produktov.<\/p>\n\n\n\n<p>Rada fot\u00ed tak\u00e9 produkty, ktor\u00e9 s\u00fa jej bl\u00edzke, d\u00f4le\u017eit\u00e9, kvalitn\u00e9 a \u010do najviac kore\u0161ponduj\u00faci s jej vkusom a hodnotami. Produkty, pri ktor\u00fdch ju bav\u00ed vytv\u00e1ra\u0165 moodboard, sketche, vym\u00fd\u0161\u013ea\u0165 sc\u00e9ny ale aj to, v akom svetle bud\u00fa vyzera\u0165 najlep\u0161ie napr\u00edklad na eshope. M\u00e1 rada, ke\u010f m\u00f4\u017ee nad\u0161ene uva\u017eova\u0165, ak\u00e1 farba pozadia alebo lok\u00e1cia sa k nemu hod\u00ed pri moodov\u00fdch fotk\u00e1ch najviac a ako by najlep\u0161ie mohol vyznie\u0165 na Instagrame pri pomeroch 9:16 alebo 4:5. Tento obraz vie z\u00e1rove\u0148 aj rozpohybova\u0165, urobi\u0165 z neho .gif, cinemagraf a ak treba, tak aj video s gimballom. Chcem robi\u0165 pr\u00e1cu, z ktorej m\u00e1m rados\u0165 nielen Petra sama, ale aj jej klienti.<\/p>\n\n\n\n<p>Navy\u0161e Petra s rados\u0165ou ob\u010das niekomu odfot\u00ed aj portr\u00e9t. Sk\u00f4r, ne\u017e sa k \u010dloveku pribl\u00ed\u017ei s&nbsp;fotoapar\u00e1tom, tak sa k nemu potrebuje pribl\u00ed\u017ei\u0165 najprv aj \u013eudsky. Petrinou motiv\u00e1ciou je to, aby sa \u010dlovek, ktor\u00e9ho fotografuje, s\u00e1m sebe naozaj p\u00e1\u010di, bol so sebou stoto\u017enen\u00fd a&nbsp;c\u00edtil sa pekne aj ke\u010f si t\u00fa fotografiu d\u00e1 napr\u00edklad na LinkedIn, Tinder alebo ke\u010f ju o 30 rokov uk\u00e1\u017ee svojim vn\u00fa\u010dat\u00e1m. Z\u00e1rove\u0148 sa sna\u017e\u00ed o to, aby bol cel\u00fd proces pr\u00edjemn\u00fd pre obe strany.<\/p>\n\n\n\n<p>M\u00e1 obdobia, kedy ju to viac \u0165ah\u00e1 ku videu, tak\u017ee si postupne vytvorila z\u00e1zemie aj na krat\u0161ie propaga\u010dn\u00e9 vide\u00e1\/content pre social media. Petra je dr\u017eite\u013ekou certifik\u00e1tu Seeing Through Photographs (The Museum of Modern Art, 2017). Petra s&nbsp;\u010fal\u0161\u00edmi \u0161tyrmi umelky\u0148ami spolupracuje na projekte Sense of Wonder. Ide o kur\u00e1torsk\u00fa online v\u00fdstavu, ktor\u00e1 je v neust\u00e1lom napredovan\u00ed zalo\u017een\u00e1 na princ\u00edpe akcie-reakcia. \u017divot v r\u00f4znych krajin\u00e1ch d\u00e1va pr\u00edle\u017eitos\u0165 vymie\u0148a\u0165 si vizu\u00e1lne my\u0161lienky pomocou pohybliv\u00fdch a statick\u00fdch obr\u00e1zkov ako prostriedkov vz\u00e1jomnej komunik\u00e1cie.<\/p>\n\n\n\n<p>Pre Petru je d\u00f4le\u017eit\u00e1 rann\u00e1 prech\u00e1dzka do pr\u00e1ce, po\u010das ktorej si \u010dasto uvedomuje, ak\u00e9 je to vysok\u00e9 privil\u00e9gium, \u017ee m\u00f4\u017ee robi\u0165 nie\u010do, \u010do ju tak bav\u00ed a \u010do ju nap\u013a\u0148a. Vn\u00edma toti\u017e, \u017ee nie u ka\u017ed\u00e9ho \u010dloveka je to samozrejmos\u0165ou. M\u00e1 v\u0161ak aj pracovn\u00e9 highlighty, napr\u00edklad ke\u010f si ju vybrali v tendri vo Viedni na dlhodobej\u0161iu spolupr\u00e1cu pre glob\u00e1lnu zna\u010dku Julius Meinl. Pr\u00e1ve t\u00e1to spolupr\u00e1ca jej dala mnoho a profesne ju posunula. Do Petrinho portf\u00f3lia klientov patria aj Curaprox, Visegrad Fund, Slovensk\u00e1 n\u00e1rodn\u00e1 gal\u00e9ria, Museum of Applied Arts in Vienna, VISTO Images, Folk publishing, Slovensk\u00e9 centrum dizajnu, Pohoda festival, Pressink, Hungry Studio, Crafting Plastics, Vin\u00e1rstvo Ba\u017eal\u00edk, Subdigital, Cila, Minty, Plamienok, Mylo, Yoora Studio, Puojd, Novela, LOM label, Packpoint, Nebo Pieklo, Navon Clothing, Ushyt\u00e9 a&nbsp;mnoh\u00ed \u010fal\u0161\u00ed.<\/p>\n\n\n\n<p>Petra h\u013ead\u00e1 balans medzi komer\u010dnou fotografiou a&nbsp;jej vo\u013enou tvorbou. Komer\u010dn\u00fa fotografiu tak vyva\u017euje projektom Listening Trees. Prostredn\u00edctvom fotografi\u00ed sa sna\u017e\u00ed zn\u00e1zorni\u0165 \u013eudsk\u00e9 z\u00e1sahy do pr\u00edrody. Vplyv \u013eudskej pr\u00edtomnosti je \u010dasto vedom\u00fd a m\u00e1 r\u00f4zne dopady na \u017eivotn\u00e9 prostredie. S\u00fa chv\u00edle, kedy tieto z\u00e1sahy zostan\u00fa nepov\u0161imnut\u00e9, av\u0161ak maj\u00fa osobitn\u00fa vizu\u00e1lnu hodnotu (\u010di u\u017e s\u00fa tieto z\u00e1sahy negat\u00edvne alebo pozit\u00edvne). Petrina s\u00e9ria fotografi\u00ed je dlhodob\u00fdm pozorovan\u00edm t\u00fdchto situ\u00e1ci\u00ed. Na ich vyjadrenie zdokumentovala niekedy zinscenovan\u00e9, inokedy nezinscenovan\u00e9 z\u00e1sahy v tomto prostred\u00ed. Listening Trees je Petrin z\u00e1vere\u010dn\u00fd projekt z Ateli\u00e9ru reklamnej fotografie Univerzity Tom\u00e1\u0161a Ba\u0165u v \u010ceskom Zl\u00edne.<\/p>\n\n\n\n<hr class=\"wp-block-separator has-text-color has-background\" style=\"background-color:#ff2ac4;color:#ff2ac4\"\/>\n\n\n\n<div class=\"wp-block-buttons is-layout-flex wp-block-buttons-is-layout-flex\">\n<div class=\"wp-block-button\"><a class=\"wp-block-button__link has-background\" href=\"https:\/\/www.petrarjabinin.com\" style=\"background-color:#ff2ac4\" target=\"_blank\" rel=\"noreferrer noopener\">WEB<\/a><\/div>\n\n\n\n<div class=\"wp-block-button\"><a class=\"wp-block-button__link has-background\" href=\"https:\/\/www.instagram.com\/petra.rjabinin\/\" style=\"background-color:#ff2ac4\" target=\"_blank\" rel=\"noreferrer noopener\">INSTAGRAM<\/a><\/div>\n<\/div>\n\n\n\n<div style=\"height:100px\" aria-hidden=\"true\" class=\"wp-block-spacer\"><\/div>\n\n\n\n<iframe loading=\"lazy\" width=\"100%\" height=\"400\" src=\"https:\/\/www.mixcloud.com\/widget\/iframe\/?light=1&amp;feed=%2FCerstve_Ovocie%2Fpetra-rjabinin-pre-svoj-perfekcionizmus-potrebuje-dostatok-%C4%8Dasu-a-priestoru%2F\" frameborder=\"0\"><\/iframe>\n\n\n\n<hr class=\"wp-block-separator has-text-color has-background\" style=\"background-color:#ff2ac4;color:#ff2ac4\"\/>\n\n\n\nngg_shortcode_0_placeholder\n","protected":false},"excerpt":{"rendered":"<p>Petra sa venuje fotografii od svojich trin\u00e1stich rokov a&nbsp;to v\u010faka jej otcovi, ktor\u00fd viedol a bratovi, ktor\u00fd nav\u0161tevoval fotokr\u00fa\u017eok. U\u017e vtedy ju fotografia \u00faplne pohltila. V\u00e4\u010d\u0161inu svojho vo\u013en\u00e9ho \u010dasu tr\u00e1vila foten\u00edm, po nociach vyvol\u00e1van\u00edm filmov a zv\u00e4\u010d\u0161ovan\u00edm fotiek. Na fotokr\u00fa\u017eku&nbsp;stretla trnavsk\u00e9ho fotografa Bla\u017eeja Vitteka, ktor\u00fd Petre povedal, \u017ee m\u00e1 talent a&nbsp;\u017ee by fotografiu mala \u00eds\u0165 [&hellip;]<\/p>\n","protected":false},"author":3,"featured_media":2252,"comment_status":"open","ping_status":"open","sticky":false,"template":"","format":"standard","meta":{"_monsterinsights_skip_tracking":false,"_monsterinsights_sitenote_active":false,"_monsterinsights_sitenote_note":"","_monsterinsights_sitenote_category":0,"ngg_post_thumbnail":0,"footnotes":""},"categories":[30,31],"tags":[250,7,34,27,276],"class_list":["post-2251","post","type-post","status-publish","format-standard","has-post-thumbnail","hentry","category-cerstve-ovocie","category-novinky","tag-artdirector","tag-cerstve-ovocie_fm","tag-efemko","tag-fotografia","tag-produktova-fotografia"],"yoast_head":"<!-- This site is optimized with the Yoast SEO plugin v26.8 - https:\/\/yoast.com\/product\/yoast-seo-wordpress\/ -->\n<title>Pre svoj perfekcionizmus potrebuje dostatok \u010dasu a priestoru na h\u013eadanie dokonalosti - \u010cerstv\u00e9 Ovocie<\/title>\n<meta name=\"robots\" content=\"index, follow, max-snippet:-1, max-image-preview:large, max-video-preview:-1\" \/>\n<link rel=\"canonical\" href=\"https:\/\/www.cerstveovocie.sk\/pre-svoj-perfekcionizmus-potrebuje-dostatok-casu-a-priestoru-na-hladanie-dokonalosti\/\" \/>\n<meta property=\"og:locale\" content=\"sk_SK\" \/>\n<meta property=\"og:type\" content=\"article\" \/>\n<meta property=\"og:title\" content=\"Pre svoj perfekcionizmus potrebuje dostatok \u010dasu a priestoru na h\u013eadanie dokonalosti - \u010cerstv\u00e9 Ovocie\" \/>\n<meta property=\"og:description\" content=\"Petra sa venuje fotografii od svojich trin\u00e1stich rokov a&nbsp;to v\u010faka jej otcovi, ktor\u00fd viedol a bratovi, ktor\u00fd nav\u0161tevoval fotokr\u00fa\u017eok. U\u017e vtedy ju fotografia \u00faplne pohltila. V\u00e4\u010d\u0161inu svojho vo\u013en\u00e9ho \u010dasu tr\u00e1vila foten\u00edm, po nociach vyvol\u00e1van\u00edm filmov a zv\u00e4\u010d\u0161ovan\u00edm fotiek. Na fotokr\u00fa\u017eku&nbsp;stretla trnavsk\u00e9ho fotografa Bla\u017eeja Vitteka, ktor\u00fd Petre povedal, \u017ee m\u00e1 talent a&nbsp;\u017ee by fotografiu mala \u00eds\u0165 [&hellip;]\" \/>\n<meta property=\"og:url\" content=\"https:\/\/www.cerstveovocie.sk\/pre-svoj-perfekcionizmus-potrebuje-dostatok-casu-a-priestoru-na-hladanie-dokonalosti\/\" \/>\n<meta property=\"og:site_name\" content=\"\u010cerstv\u00e9 Ovocie\" \/>\n<meta property=\"article:published_time\" content=\"2022-05-16T05:00:00+00:00\" \/>\n<meta property=\"article:modified_time\" content=\"2022-06-07T17:47:06+00:00\" \/>\n<meta property=\"og:image\" content=\"https:\/\/www.cerstveovocie.sk\/wp-content\/uploads\/2022\/05\/Petra-Rjabinin_00_p2-scaled.jpg\" \/>\n\t<meta property=\"og:image:width\" content=\"2560\" \/>\n\t<meta property=\"og:image:height\" content=\"1524\" \/>\n\t<meta property=\"og:image:type\" content=\"image\/jpeg\" \/>\n<meta name=\"author\" content=\"Martin Brix\" \/>\n<meta name=\"twitter:card\" content=\"summary_large_image\" \/>\n<meta name=\"twitter:label1\" content=\"Autor\" \/>\n\t<meta name=\"twitter:data1\" content=\"Martin Brix\" \/>\n\t<meta name=\"twitter:label2\" content=\"Predpokladan\u00fd \u010das \u010d\u00edtania\" \/>\n\t<meta name=\"twitter:data2\" content=\"4 min\u00faty\" \/>\n<script type=\"application\/ld+json\" class=\"yoast-schema-graph\">{\"@context\":\"https:\/\/schema.org\",\"@graph\":[{\"@type\":\"Article\",\"@id\":\"https:\/\/www.cerstveovocie.sk\/pre-svoj-perfekcionizmus-potrebuje-dostatok-casu-a-priestoru-na-hladanie-dokonalosti\/#article\",\"isPartOf\":{\"@id\":\"https:\/\/www.cerstveovocie.sk\/pre-svoj-perfekcionizmus-potrebuje-dostatok-casu-a-priestoru-na-hladanie-dokonalosti\/\"},\"author\":{\"name\":\"Martin Brix\",\"@id\":\"https:\/\/www.cerstveovocie.sk\/#\/schema\/person\/8e202c9288643a126812bf9c72605646\"},\"headline\":\"Pre svoj perfekcionizmus potrebuje dostatok \u010dasu a priestoru na h\u013eadanie dokonalosti\",\"datePublished\":\"2022-05-16T05:00:00+00:00\",\"dateModified\":\"2022-06-07T17:47:06+00:00\",\"mainEntityOfPage\":{\"@id\":\"https:\/\/www.cerstveovocie.sk\/pre-svoj-perfekcionizmus-potrebuje-dostatok-casu-a-priestoru-na-hladanie-dokonalosti\/\"},\"wordCount\":927,\"commentCount\":0,\"image\":{\"@id\":\"https:\/\/www.cerstveovocie.sk\/pre-svoj-perfekcionizmus-potrebuje-dostatok-casu-a-priestoru-na-hladanie-dokonalosti\/#primaryimage\"},\"thumbnailUrl\":\"https:\/\/d.r1.wbsprt.com\/cerstveovocie.sk\/wp-content\/uploads\/2022\/05\/Petra-Rjabinin_00_p2-scaled.jpg\",\"keywords\":[\"artdirector\",\"\u010derstv\u00e9 ovocie_fm\",\"efemko\",\"fotografia\",\"produktov\u00e1 fotografia\"],\"articleSection\":[\"\u010cerstv\u00e9 Ovocie\",\"Novinky\"],\"inLanguage\":\"sk-SK\",\"potentialAction\":[{\"@type\":\"CommentAction\",\"name\":\"Comment\",\"target\":[\"https:\/\/www.cerstveovocie.sk\/pre-svoj-perfekcionizmus-potrebuje-dostatok-casu-a-priestoru-na-hladanie-dokonalosti\/#respond\"]}]},{\"@type\":\"WebPage\",\"@id\":\"https:\/\/www.cerstveovocie.sk\/pre-svoj-perfekcionizmus-potrebuje-dostatok-casu-a-priestoru-na-hladanie-dokonalosti\/\",\"url\":\"https:\/\/www.cerstveovocie.sk\/pre-svoj-perfekcionizmus-potrebuje-dostatok-casu-a-priestoru-na-hladanie-dokonalosti\/\",\"name\":\"Pre svoj perfekcionizmus potrebuje dostatok \u010dasu a priestoru na h\u013eadanie dokonalosti - \u010cerstv\u00e9 Ovocie\",\"isPartOf\":{\"@id\":\"https:\/\/www.cerstveovocie.sk\/#website\"},\"primaryImageOfPage\":{\"@id\":\"https:\/\/www.cerstveovocie.sk\/pre-svoj-perfekcionizmus-potrebuje-dostatok-casu-a-priestoru-na-hladanie-dokonalosti\/#primaryimage\"},\"image\":{\"@id\":\"https:\/\/www.cerstveovocie.sk\/pre-svoj-perfekcionizmus-potrebuje-dostatok-casu-a-priestoru-na-hladanie-dokonalosti\/#primaryimage\"},\"thumbnailUrl\":\"https:\/\/d.r1.wbsprt.com\/cerstveovocie.sk\/wp-content\/uploads\/2022\/05\/Petra-Rjabinin_00_p2-scaled.jpg\",\"datePublished\":\"2022-05-16T05:00:00+00:00\",\"dateModified\":\"2022-06-07T17:47:06+00:00\",\"author\":{\"@id\":\"https:\/\/www.cerstveovocie.sk\/#\/schema\/person\/8e202c9288643a126812bf9c72605646\"},\"breadcrumb\":{\"@id\":\"https:\/\/www.cerstveovocie.sk\/pre-svoj-perfekcionizmus-potrebuje-dostatok-casu-a-priestoru-na-hladanie-dokonalosti\/#breadcrumb\"},\"inLanguage\":\"sk-SK\",\"potentialAction\":[{\"@type\":\"ReadAction\",\"target\":[\"https:\/\/www.cerstveovocie.sk\/pre-svoj-perfekcionizmus-potrebuje-dostatok-casu-a-priestoru-na-hladanie-dokonalosti\/\"]}]},{\"@type\":\"ImageObject\",\"inLanguage\":\"sk-SK\",\"@id\":\"https:\/\/www.cerstveovocie.sk\/pre-svoj-perfekcionizmus-potrebuje-dostatok-casu-a-priestoru-na-hladanie-dokonalosti\/#primaryimage\",\"url\":\"https:\/\/d.r1.wbsprt.com\/cerstveovocie.sk\/wp-content\/uploads\/2022\/05\/Petra-Rjabinin_00_p2-scaled.jpg\",\"contentUrl\":\"https:\/\/d.r1.wbsprt.com\/cerstveovocie.sk\/wp-content\/uploads\/2022\/05\/Petra-Rjabinin_00_p2-scaled.jpg\",\"width\":2560,\"height\":1524},{\"@type\":\"BreadcrumbList\",\"@id\":\"https:\/\/www.cerstveovocie.sk\/pre-svoj-perfekcionizmus-potrebuje-dostatok-casu-a-priestoru-na-hladanie-dokonalosti\/#breadcrumb\",\"itemListElement\":[{\"@type\":\"ListItem\",\"position\":1,\"name\":\"Home\",\"item\":\"https:\/\/www.cerstveovocie.sk\/\"},{\"@type\":\"ListItem\",\"position\":2,\"name\":\"Pre svoj perfekcionizmus potrebuje dostatok \u010dasu a priestoru na h\u013eadanie dokonalosti\"}]},{\"@type\":\"WebSite\",\"@id\":\"https:\/\/www.cerstveovocie.sk\/#website\",\"url\":\"https:\/\/www.cerstveovocie.sk\/\",\"name\":\"\u010cerstv\u00e9 Ovocie\",\"description\":\"V\u00fd\u017eivn\u00e1 porcia lok\u00e1lnej tvorby.\",\"potentialAction\":[{\"@type\":\"SearchAction\",\"target\":{\"@type\":\"EntryPoint\",\"urlTemplate\":\"https:\/\/www.cerstveovocie.sk\/?s={search_term_string}\"},\"query-input\":{\"@type\":\"PropertyValueSpecification\",\"valueRequired\":true,\"valueName\":\"search_term_string\"}}],\"inLanguage\":\"sk-SK\"},{\"@type\":\"Person\",\"@id\":\"https:\/\/www.cerstveovocie.sk\/#\/schema\/person\/8e202c9288643a126812bf9c72605646\",\"name\":\"Martin Brix\",\"image\":{\"@type\":\"ImageObject\",\"inLanguage\":\"sk-SK\",\"@id\":\"https:\/\/www.cerstveovocie.sk\/#\/schema\/person\/image\/\",\"url\":\"https:\/\/secure.gravatar.com\/avatar\/6af874eeaf8969d475094f41c59f338c12819f2025832a5aa203c0d29ad36294?s=96&d=mm&r=g\",\"contentUrl\":\"https:\/\/secure.gravatar.com\/avatar\/6af874eeaf8969d475094f41c59f338c12819f2025832a5aa203c0d29ad36294?s=96&d=mm&r=g\",\"caption\":\"Martin Brix\"},\"url\":\"https:\/\/d.r1.wbsprt.com\/cerstveovocie.sk\/author\/brix\/\"}]}<\/script>\n<!-- \/ Yoast SEO plugin. -->","yoast_head_json":{"title":"Pre svoj perfekcionizmus potrebuje dostatok \u010dasu a priestoru na h\u013eadanie dokonalosti - \u010cerstv\u00e9 Ovocie","robots":{"index":"index","follow":"follow","max-snippet":"max-snippet:-1","max-image-preview":"max-image-preview:large","max-video-preview":"max-video-preview:-1"},"canonical":"https:\/\/www.cerstveovocie.sk\/pre-svoj-perfekcionizmus-potrebuje-dostatok-casu-a-priestoru-na-hladanie-dokonalosti\/","og_locale":"sk_SK","og_type":"article","og_title":"Pre svoj perfekcionizmus potrebuje dostatok \u010dasu a priestoru na h\u013eadanie dokonalosti - \u010cerstv\u00e9 Ovocie","og_description":"Petra sa venuje fotografii od svojich trin\u00e1stich rokov a&nbsp;to v\u010faka jej otcovi, ktor\u00fd viedol a bratovi, ktor\u00fd nav\u0161tevoval fotokr\u00fa\u017eok. U\u017e vtedy ju fotografia \u00faplne pohltila. V\u00e4\u010d\u0161inu svojho vo\u013en\u00e9ho \u010dasu tr\u00e1vila foten\u00edm, po nociach vyvol\u00e1van\u00edm filmov a zv\u00e4\u010d\u0161ovan\u00edm fotiek. Na fotokr\u00fa\u017eku&nbsp;stretla trnavsk\u00e9ho fotografa Bla\u017eeja Vitteka, ktor\u00fd Petre povedal, \u017ee m\u00e1 talent a&nbsp;\u017ee by fotografiu mala \u00eds\u0165 [&hellip;]","og_url":"https:\/\/www.cerstveovocie.sk\/pre-svoj-perfekcionizmus-potrebuje-dostatok-casu-a-priestoru-na-hladanie-dokonalosti\/","og_site_name":"\u010cerstv\u00e9 Ovocie","article_published_time":"2022-05-16T05:00:00+00:00","article_modified_time":"2022-06-07T17:47:06+00:00","og_image":[{"width":2560,"height":1524,"url":"https:\/\/www.cerstveovocie.sk\/wp-content\/uploads\/2022\/05\/Petra-Rjabinin_00_p2-scaled.jpg","type":"image\/jpeg"}],"author":"Martin Brix","twitter_card":"summary_large_image","twitter_misc":{"Autor":"Martin Brix","Predpokladan\u00fd \u010das \u010d\u00edtania":"4 min\u00faty"},"schema":{"@context":"https:\/\/schema.org","@graph":[{"@type":"Article","@id":"https:\/\/www.cerstveovocie.sk\/pre-svoj-perfekcionizmus-potrebuje-dostatok-casu-a-priestoru-na-hladanie-dokonalosti\/#article","isPartOf":{"@id":"https:\/\/www.cerstveovocie.sk\/pre-svoj-perfekcionizmus-potrebuje-dostatok-casu-a-priestoru-na-hladanie-dokonalosti\/"},"author":{"name":"Martin Brix","@id":"https:\/\/www.cerstveovocie.sk\/#\/schema\/person\/8e202c9288643a126812bf9c72605646"},"headline":"Pre svoj perfekcionizmus potrebuje dostatok \u010dasu a priestoru na h\u013eadanie dokonalosti","datePublished":"2022-05-16T05:00:00+00:00","dateModified":"2022-06-07T17:47:06+00:00","mainEntityOfPage":{"@id":"https:\/\/www.cerstveovocie.sk\/pre-svoj-perfekcionizmus-potrebuje-dostatok-casu-a-priestoru-na-hladanie-dokonalosti\/"},"wordCount":927,"commentCount":0,"image":{"@id":"https:\/\/www.cerstveovocie.sk\/pre-svoj-perfekcionizmus-potrebuje-dostatok-casu-a-priestoru-na-hladanie-dokonalosti\/#primaryimage"},"thumbnailUrl":"https:\/\/d.r1.wbsprt.com\/cerstveovocie.sk\/wp-content\/uploads\/2022\/05\/Petra-Rjabinin_00_p2-scaled.jpg","keywords":["artdirector","\u010derstv\u00e9 ovocie_fm","efemko","fotografia","produktov\u00e1 fotografia"],"articleSection":["\u010cerstv\u00e9 Ovocie","Novinky"],"inLanguage":"sk-SK","potentialAction":[{"@type":"CommentAction","name":"Comment","target":["https:\/\/www.cerstveovocie.sk\/pre-svoj-perfekcionizmus-potrebuje-dostatok-casu-a-priestoru-na-hladanie-dokonalosti\/#respond"]}]},{"@type":"WebPage","@id":"https:\/\/www.cerstveovocie.sk\/pre-svoj-perfekcionizmus-potrebuje-dostatok-casu-a-priestoru-na-hladanie-dokonalosti\/","url":"https:\/\/www.cerstveovocie.sk\/pre-svoj-perfekcionizmus-potrebuje-dostatok-casu-a-priestoru-na-hladanie-dokonalosti\/","name":"Pre svoj perfekcionizmus potrebuje dostatok \u010dasu a priestoru na h\u013eadanie dokonalosti - \u010cerstv\u00e9 Ovocie","isPartOf":{"@id":"https:\/\/www.cerstveovocie.sk\/#website"},"primaryImageOfPage":{"@id":"https:\/\/www.cerstveovocie.sk\/pre-svoj-perfekcionizmus-potrebuje-dostatok-casu-a-priestoru-na-hladanie-dokonalosti\/#primaryimage"},"image":{"@id":"https:\/\/www.cerstveovocie.sk\/pre-svoj-perfekcionizmus-potrebuje-dostatok-casu-a-priestoru-na-hladanie-dokonalosti\/#primaryimage"},"thumbnailUrl":"https:\/\/d.r1.wbsprt.com\/cerstveovocie.sk\/wp-content\/uploads\/2022\/05\/Petra-Rjabinin_00_p2-scaled.jpg","datePublished":"2022-05-16T05:00:00+00:00","dateModified":"2022-06-07T17:47:06+00:00","author":{"@id":"https:\/\/www.cerstveovocie.sk\/#\/schema\/person\/8e202c9288643a126812bf9c72605646"},"breadcrumb":{"@id":"https:\/\/www.cerstveovocie.sk\/pre-svoj-perfekcionizmus-potrebuje-dostatok-casu-a-priestoru-na-hladanie-dokonalosti\/#breadcrumb"},"inLanguage":"sk-SK","potentialAction":[{"@type":"ReadAction","target":["https:\/\/www.cerstveovocie.sk\/pre-svoj-perfekcionizmus-potrebuje-dostatok-casu-a-priestoru-na-hladanie-dokonalosti\/"]}]},{"@type":"ImageObject","inLanguage":"sk-SK","@id":"https:\/\/www.cerstveovocie.sk\/pre-svoj-perfekcionizmus-potrebuje-dostatok-casu-a-priestoru-na-hladanie-dokonalosti\/#primaryimage","url":"https:\/\/d.r1.wbsprt.com\/cerstveovocie.sk\/wp-content\/uploads\/2022\/05\/Petra-Rjabinin_00_p2-scaled.jpg","contentUrl":"https:\/\/d.r1.wbsprt.com\/cerstveovocie.sk\/wp-content\/uploads\/2022\/05\/Petra-Rjabinin_00_p2-scaled.jpg","width":2560,"height":1524},{"@type":"BreadcrumbList","@id":"https:\/\/www.cerstveovocie.sk\/pre-svoj-perfekcionizmus-potrebuje-dostatok-casu-a-priestoru-na-hladanie-dokonalosti\/#breadcrumb","itemListElement":[{"@type":"ListItem","position":1,"name":"Home","item":"https:\/\/www.cerstveovocie.sk\/"},{"@type":"ListItem","position":2,"name":"Pre svoj perfekcionizmus potrebuje dostatok \u010dasu a priestoru na h\u013eadanie dokonalosti"}]},{"@type":"WebSite","@id":"https:\/\/www.cerstveovocie.sk\/#website","url":"https:\/\/www.cerstveovocie.sk\/","name":"\u010cerstv\u00e9 Ovocie","description":"V\u00fd\u017eivn\u00e1 porcia lok\u00e1lnej tvorby.","potentialAction":[{"@type":"SearchAction","target":{"@type":"EntryPoint","urlTemplate":"https:\/\/www.cerstveovocie.sk\/?s={search_term_string}"},"query-input":{"@type":"PropertyValueSpecification","valueRequired":true,"valueName":"search_term_string"}}],"inLanguage":"sk-SK"},{"@type":"Person","@id":"https:\/\/www.cerstveovocie.sk\/#\/schema\/person\/8e202c9288643a126812bf9c72605646","name":"Martin Brix","image":{"@type":"ImageObject","inLanguage":"sk-SK","@id":"https:\/\/www.cerstveovocie.sk\/#\/schema\/person\/image\/","url":"https:\/\/secure.gravatar.com\/avatar\/6af874eeaf8969d475094f41c59f338c12819f2025832a5aa203c0d29ad36294?s=96&d=mm&r=g","contentUrl":"https:\/\/secure.gravatar.com\/avatar\/6af874eeaf8969d475094f41c59f338c12819f2025832a5aa203c0d29ad36294?s=96&d=mm&r=g","caption":"Martin Brix"},"url":"https:\/\/d.r1.wbsprt.com\/cerstveovocie.sk\/author\/brix\/"}]}},"_links":{"self":[{"href":"https:\/\/d.r1.wbsprt.com\/cerstveovocie.sk\/wp-json\/wp\/v2\/posts\/2251","targetHints":{"allow":["GET"]}}],"collection":[{"href":"https:\/\/d.r1.wbsprt.com\/cerstveovocie.sk\/wp-json\/wp\/v2\/posts"}],"about":[{"href":"https:\/\/d.r1.wbsprt.com\/cerstveovocie.sk\/wp-json\/wp\/v2\/types\/post"}],"author":[{"embeddable":true,"href":"https:\/\/d.r1.wbsprt.com\/cerstveovocie.sk\/wp-json\/wp\/v2\/users\/3"}],"replies":[{"embeddable":true,"href":"https:\/\/d.r1.wbsprt.com\/cerstveovocie.sk\/wp-json\/wp\/v2\/comments?post=2251"}],"version-history":[{"count":6,"href":"https:\/\/d.r1.wbsprt.com\/cerstveovocie.sk\/wp-json\/wp\/v2\/posts\/2251\/revisions"}],"predecessor-version":[{"id":2357,"href":"https:\/\/d.r1.wbsprt.com\/cerstveovocie.sk\/wp-json\/wp\/v2\/posts\/2251\/revisions\/2357"}],"wp:featuredmedia":[{"embeddable":true,"href":"https:\/\/d.r1.wbsprt.com\/cerstveovocie.sk\/wp-json\/wp\/v2\/media\/2252"}],"wp:attachment":[{"href":"https:\/\/d.r1.wbsprt.com\/cerstveovocie.sk\/wp-json\/wp\/v2\/media?parent=2251"}],"wp:term":[{"taxonomy":"category","embeddable":true,"href":"https:\/\/d.r1.wbsprt.com\/cerstveovocie.sk\/wp-json\/wp\/v2\/categories?post=2251"},{"taxonomy":"post_tag","embeddable":true,"href":"https:\/\/d.r1.wbsprt.com\/cerstveovocie.sk\/wp-json\/wp\/v2\/tags?post=2251"}],"curies":[{"name":"wp","href":"https:\/\/api.w.org\/{rel}","templated":true}]}}