{"id":1363,"date":"2021-09-20T07:00:00","date_gmt":"2021-09-20T05:00:00","guid":{"rendered":"https:\/\/www.cerstveovocie.sk\/?p=1363"},"modified":"2021-11-04T21:51:20","modified_gmt":"2021-11-04T20:51:20","slug":"narabanie-s-priestorom-mesta-mestskej-krajiny-ci-periferie-a-to-v-obraze","status":"publish","type":"post","link":"https:\/\/d.r1.wbsprt.com\/cerstveovocie.sk\/narabanie-s-priestorom-mesta-mestskej-krajiny-ci-periferie-a-to-v-obraze\/","title":{"rendered":"Nar\u00e1banie s priestorom mesta, mestskej krajiny \u010di perif\u00e9rie a to v obraze"},"content":{"rendered":"\n<p class=\"has-medium-font-size\">U\u017e ako mal\u00fd r\u00e1d kreslil. Ale to nie je ni\u010d nezvy\u010dajn\u00e9. Rodi\u010dia mu v\u0161ak po\u010dm\u00e1rame papiere netrhali z&nbsp;r\u00fak, no naopak. V&nbsp;tvorbe ho podporovali. A&nbsp;mo\u017eno aj preto dnes patr\u00ed do silnej gener\u00e1cie maliarov, ktor\u00e1 vst\u00fapila na sc\u00e9nu po roku 2000. D\u00f4kazom toho s\u00fa aj mnoh\u00e9 samostatn\u00e9 v\u00fdstavy ako aj zast\u00fapenie v zbierkach.<\/p>\n\n\n\n<p>Z\u00e1kladnou amb\u00edciou jeho tvorby je nar\u00e1banie s priestorom mesta, mestskej krajiny, \u010di perif\u00e9rie v obraze. V\u00fdchodiskom pre spracovanie danej t\u00e9my je konfront\u00e1cia ma\u013eby s problematikou premien civiln\u00e9ho, urb\u00e1nneho, krajinn\u00e9ho prostredia, ktor\u00e9 prech\u00e1dza neust\u00e1lym v\u00fdvojom a ktor\u00e9 men\u00ed vizualitu a podobu s\u00fa\u010dasnosti. V&nbsp;jeho tvorbe sa dos\u0165 \u010dasto objavuje priestor, v ktorom sa pohybuje.<\/p>\n\n\n\n<p>Rastislav Sedla\u010d\u00edk poch\u00e1dza z \u010cadce. V&nbsp;rokoch 1998 a\u017e 2004 \u0161tudoval keramiku na katedre \u00da\u017eitkov\u00e9ho umenia, ateli\u00e9r Keramiky u doc. Ivici Vydrovej, akad. soch. a&nbsp;nesk\u00f4r ma\u013ebu na katedre Ma\u013eby a in\u00fdch m\u00e9di\u00ed, 4. Ateli\u00e9r u prof. Ivana Csudaia, akad. mal.. Obe katedry na Vysokej \u0161kole v\u00fdtvarn\u00fdch umen\u00ed v Bratislave, kde svoje \u0161t\u00fadium v&nbsp;roku 2011 zav\u0155\u0161il absolvovan\u00edm doktorand\u00fary v \u0161tudijnom programe v\u00fdtvarn\u00e9 umenie u \u0161kolite\u013ea prof. Ivana Csudaia, akad. mal..&nbsp;<\/p>\n\n\n\n<p>Jeho tvorba, ktorej z\u00e1kladom je ma\u013eba, smeruje do roz\u0161\u00edren\u00e9ho po\u013ea: obrazy vystupuj\u00fa v poz\u00edcii objektov, vstupuj\u00fa do nej nielen performat\u00edvne a \u010dasozbern\u00e9 prvky. Z\u00e1rove\u0148 ju Ras\u0165o prezentuje komplexnej\u0161\u00edmi modelmi \u2013 ako in\u0161tal\u00e1ciu \u010di prostredie prezent\u00e1cie. \u00dastredn\u00fdm mot\u00edvom jeho diel s\u00fa nuansy mestskej krajiny, s\u00eddlisk, no i prel\u00ednanie urb\u00e1nneho prostredia s pr\u00edrodnou krajinou v tzv. perif\u00e9ri\u00e1ch, z\u00e1rove\u0148 vz\u00e1jomn\u00fd vz\u0165ah medzi architekt\u00farou a ma\u013ebou.&nbsp;&nbsp;Preferovan\u00fdm m\u00e9diom v\u00fdtvarnej pr\u00e1ce Rastislava Sedla\u010d\u00edka je, respekt\u00edve p\u00f4vodne bola ma\u013eba, no \u010doraz v\u00fdraznej\u0161\u00edmi a d\u00f4le\u017eitej\u0161\u00edmi sa st\u00e1vaj\u00fa aj expanzie ma\u013eby do in\u00fdch m\u00e9di\u00ed. Na za\u010diatkoch to boli intencion\u00e1lne, umelo vytv\u00e1ran\u00e9 objekty a objektov\u00e9 suplementy z\u00e1vesn\u00e9ho obrazu ako ironick\u00e9, zveli\u010duj\u00face a groteskno-obludn\u00e9 n\u00e1podoby fragmentov mestskej krajiny a industri\u00e1lnej architekt\u00fary. Nesk\u00f4r sa v jeho reperto\u00e1ri objavili postprodukty, \u010di\u017ee asambl\u00e1\u017ee a kol\u00e1\u017ee druhotne, recykla\u010dne spracovan\u00fdch, n\u00e1jden\u00fdch vizu\u00e1lnych a objektov\u00fdch materi\u00e1lov, no najm\u00e4 materi\u00e1lov vzniknut\u00fdch ako ateli\u00e9rov\u00fd odpad pri in\u00fdch Ras\u0165ov\u00fdch v\u00fdtvarn\u00fdch aktivit\u00e1ch, vytv\u00e1ran\u00e9 z nadbytku tvorivej hravej energie a tak trochu aj z pr\u00edvetiv\u00e9ho detsky nevinn\u00e9ho chulig\u00e1nstva, ktor\u00e9 k jeho tvorbe patr\u00ed a ktor\u00e9 jej pristane.<\/p>\n\n\n\n<p>V roku 2010 absolvoval Ras\u0165o reziden\u010dn\u00fd pobyt v r\u00e1mci Jeune Creation Europeenne, Biennale of Contemporary Art, City of Montrouge v Par\u00ed\u017ei. V rokoch 2011 \u2013 2015 externe pedagogicky p\u00f4sobil na V\u0160VU. V roku 2018 realizoval v\u00fdstavy: ObydliSK\u00e1 &amp; z\u00f3ny mesta (Magna gallery, Pie\u0161\u0165any), MestSK\u00e1 krajina lab. (Gal\u00e9ria \u010cin-\u010cin, Bratislava, kur\u00e1tor Noro Lacko), v roku 2017 vystavoval na v\u00fdstave Co je sou\u010dasn\u00fd obraz? (KGVU Zl\u00edn, CZ). Ras\u0165o \u017eije s&nbsp;rodinou a tvor\u00ed v Bratislave, pracuje na Oddelen\u00ed produkcie projektov a v\u00fdstav v SNG. Bratislava tak sp\u013a\u0148a v\u0161etky podmienky vhodn\u00e9 pre jeho \u017eivot. Je div\u00e1k a pozorovate\u013e ka\u017edodennej mestskej reality Bratislavy. Filtruje, zv\u00fdznam\u0148uje ban\u00e1lne, monumentalizuje bezv\u00fdznamn\u00e9. Manipuluje mesto vlastnou maliarskou strat\u00e9giou.<\/p>\n\n\n\n<p>Aktu\u00e1lna samostatn\u00e1 v\u00fdstava Rastislava Sedla\u010d\u00edka v Station Contemporary Art Gallery v&nbsp;Bratislave prezentuje jeho diela tematizuj\u00face mestsk\u00fa krajinu Bratislavy a jej podoby v ma\u013ebe, s presahmi do expandovanej\u0161\u00edch pol\u00f4h, smerom k in\u0161tal\u00e1cii, objektu a videu. Diela s\u00fa obrazov\u00fdmi konceptami prim\u00e1rne tematizuj\u00facimi prostredie mestskej krajiny, perif\u00e9rie a ostatn\u00fdch okrajov\u00fdch z\u00f3n. Tento dlhodob\u00fd otvoren\u00fd projekt predstavuje nosn\u00fa l\u00edniu v tvorbe Rastislava Sedla\u010d\u00edka a diverzifikovan\u00fdm pr\u00edstupom k realiz\u00e1cii jednotliv\u00fdch celkov roz\u0161iruje pole \u201dobmedzenia\u201c ma\u013eby, smerom k priestorovosti a nov\u00fdm mo\u017enostiam reprezent\u00e1cie obrazu. V\u00fdstava nesie n\u00e1zov Xerox Poetry a&nbsp;viac o&nbsp;projekte zhrnul v&nbsp;kur\u00e1torskom texte Noro Lacko:&nbsp;<\/p>\n\n\n\n<p>\u201eNajnov\u0161\u00edm s\u00faborom Ras\u0165ov\u00fdch v\u00fdtvarn\u00fdch pr\u00e1c je korpus otvorenej maliarsko-graficko-kresliarskej postproduktovej f\u00fazie Xerox poetry. V tejto chv\u00edli ide o celok 365 a&nbsp;viac obrazov, teda vo\u013en\u00fdch grafick\u00fdch listov, tvoriacich akoby denn\u00edkov\u00fd z\u00e1znam karant\u00e9nneho covidov\u00e9ho roku 2020\/2021. Vznikal na priese\u010dn\u00edku Ras\u0165ov\u00fdch fascin\u00e1ci\u00ed t\u00e9mou s\u00eddliskovej krajiny, mo\u017enos\u0165ami manipulantovej hry s multiplik\u00e1ciami jedine\u010dn\u00fdch ch\u00fdb v grafickej tla\u010di a pri procese v\u00fdroby xerok\u00f3pie, ako i n\u00e1sledn\u00fdmi koloristick\u00fdmi autorsk\u00fdmi maliarskymi a kresliarskymi z\u00e1sahmi. Aj tu je odkaz k paradoxu \u201erandom order\u201c namieste. Na jednej strane je to ordin\u00e1cia usmer\u0148uj\u00faca kompozi\u010dn\u00e9 rie\u0161enia obrazu, ktorej z\u00e1kladom sa st\u00e1va \u0161tvorcov\u00e1 sie\u0165 vych\u00e1dzaj\u00faca z rozlo\u017eenia okien na fas\u00e1de panel\u00e1ku, \u010dasto podporen\u00e1 aj zdvojen\u00edm prostredn\u00edctvom pou\u017eitia m\u00e9dia milimetrov\u00e9ho papiera \u2013 v\u00fdtvarne je tu mnohon\u00e1sobne recyklovan\u00e1 air brushov\u00e1 \u0161abl\u00f3na, ktor\u00fa Sedla\u010d\u00edk vyu\u017e\u00edval napr. pri tvorbe s\u00eddliskov\u00e9ho maliarskeho cyklu BA, stret\u00e1vaj\u00faca sa s gestick\u00fdm koloristick\u00fdm alebo kresliarskym z\u00e1sahom. No z\u00e1rove\u0148 je to samotn\u00fd pevne stanoven\u00fd algoritmus a jeho n\u00e1sledn\u00e9 vari\u00e1cie, ktor\u00e9 s\u00fa gener\u00e1torom n\u00e1hodn\u00fdch a jedine\u010dn\u00fdch v\u00fdstupov.&nbsp;<\/p>\n\n\n\n<p>Postproduktov\u00e9 realiz\u00e1cie prin\u00e1\u0161aj\u00fa nov\u00fa mo\u017enos\u0165. Sedla\u010d\u00edk sa uvo\u013e\u0148uje a \u010doraz viac odd\u00e1va hre s n\u00e1hodou, ktor\u00e1 prekaz\u00ed, alebo nahrad\u00ed pl\u00e1n: okamihom n\u00e1padu, druhotn\u00fdm vyu\u017e\u00edvan\u00edm ateli\u00e9rov\u00e9ho odpadu a momentom vtipu ako predl\u017een\u00edm l\u00ednie \u00faniku pred pravidlom \u010di z\u00e1kazom. Bav\u00ed sa a uh\u00fdba discipl\u00edne ma\u013eby vym\u00fd\u0161\u013ean\u00edm (ne)mo\u017en\u00fdch autorsk\u00fdch techn\u00edk, no v kontraste s touto nekontrolovate\u013enou a pra\u0161ne v\u00edriacou n\u00e1hodnos\u0165ou s\u00fa posledn\u00e9 Sedla\u010d\u00edkove v\u00fdstavy dielom pr\u00e1cneho pl\u00e1novania kon\u0161trukt\u00e9rsko-in\u0161tala\u010dnej transform\u00e1cie s\u00faboru v\u00fdtvarn\u00fdch pr\u00e1c a nes\u00farod\u00e9ho galerijn\u00e9ho priestoru na jedno ucelen\u00e9 vizu\u00e1lno-priestorov\u00e9 dielo.\u201c<\/p>\n\n\n\n<hr class=\"wp-block-separator has-text-color has-background\" style=\"background-color:#ff2ac4;color:#ff2ac4\"\/>\n\n\n\n<div class=\"wp-block-buttons is-layout-flex wp-block-buttons-is-layout-flex\">\n<div class=\"wp-block-button\"><a class=\"wp-block-button__link has-background\" href=\"https:\/\/www.ra100sedlacik.sk\" style=\"background-color:#ff2ac4\" target=\"_blank\" rel=\"noreferrer noopener\">WEB<\/a><\/div>\n\n\n\n<div class=\"wp-block-button\"><a class=\"wp-block-button__link has-background\" href=\"https:\/\/www.instagram.com\/ra100sedlacik\" style=\"background-color:#ff2ac4\" target=\"_blank\" rel=\"noreferrer noopener\">INSTAGRAM<\/a><\/div>\n\n\n\n<div class=\"wp-block-button\"><a class=\"wp-block-button__link has-background\" href=\"https:\/\/www.works.io\/rastislav-sedlacik\" style=\"background-color:#ff2ac4\" target=\"_blank\" rel=\"noreferrer noopener\">WORKS.IO<\/a><\/div>\n<\/div>\n\n\n\n<div style=\"height:100px\" aria-hidden=\"true\" class=\"wp-block-spacer\"><\/div>\n\n\n\n<iframe loading=\"lazy\" width=\"100%\" height=\"400\" src=\"https:\/\/www.mixcloud.com\/widget\/iframe\/?light=1&amp;feed=%2FCerstve_Ovocie%2Frastislav-sedla%C4%8D%C3%ADk-nar%C3%A1banie-s-priestorom-mesta-mestskej-krajiny-%C4%8Di-perif%C3%A9rie-v-obraze%2F\" frameborder=\"0\"><\/iframe>\n\n\n\n<hr class=\"wp-block-separator has-text-color has-background\" style=\"background-color:#ff2ac4;color:#ff2ac4\"\/>\n\n\n\nngg_shortcode_0_placeholder\n","protected":false},"excerpt":{"rendered":"<p>U\u017e ako mal\u00fd r\u00e1d kreslil. Ale to nie je ni\u010d nezvy\u010dajn\u00e9. Rodi\u010dia mu v\u0161ak po\u010dm\u00e1rame papiere netrhali z&nbsp;r\u00fak, no naopak. V&nbsp;tvorbe ho podporovali. A&nbsp;mo\u017eno aj preto dnes patr\u00ed do silnej gener\u00e1cie maliarov, ktor\u00e1 vst\u00fapila na sc\u00e9nu po roku 2000. D\u00f4kazom toho s\u00fa aj mnoh\u00e9 samostatn\u00e9 v\u00fdstavy ako aj zast\u00fapenie v zbierkach. Z\u00e1kladnou amb\u00edciou jeho tvorby [&hellip;]<\/p>\n","protected":false},"author":3,"featured_media":1364,"comment_status":"open","ping_status":"open","sticky":false,"template":"","format":"standard","meta":{"_monsterinsights_skip_tracking":false,"_monsterinsights_sitenote_active":false,"_monsterinsights_sitenote_note":"","_monsterinsights_sitenote_category":0,"ngg_post_thumbnail":0,"footnotes":""},"categories":[30,31],"tags":[7,174,34,21,109,173],"class_list":["post-1363","post","type-post","status-publish","format-standard","has-post-thumbnail","hentry","category-cerstve-ovocie","category-novinky","tag-cerstve-ovocie_fm","tag-crossover","tag-efemko","tag-malba","tag-vytvarne-umenie","tag-xerox"],"yoast_head":"<!-- This site is optimized with the Yoast SEO plugin v26.8 - https:\/\/yoast.com\/product\/yoast-seo-wordpress\/ -->\n<title>Nar\u00e1banie s priestorom mesta, mestskej krajiny \u010di perif\u00e9rie a to v obraze - \u010cerstv\u00e9 Ovocie<\/title>\n<meta name=\"robots\" content=\"index, follow, max-snippet:-1, max-image-preview:large, max-video-preview:-1\" \/>\n<link rel=\"canonical\" href=\"https:\/\/www.cerstveovocie.sk\/narabanie-s-priestorom-mesta-mestskej-krajiny-ci-periferie-a-to-v-obraze\/\" \/>\n<meta property=\"og:locale\" content=\"sk_SK\" \/>\n<meta property=\"og:type\" content=\"article\" \/>\n<meta property=\"og:title\" content=\"Nar\u00e1banie s priestorom mesta, mestskej krajiny \u010di perif\u00e9rie a to v obraze - \u010cerstv\u00e9 Ovocie\" \/>\n<meta property=\"og:description\" content=\"U\u017e ako mal\u00fd r\u00e1d kreslil. Ale to nie je ni\u010d nezvy\u010dajn\u00e9. Rodi\u010dia mu v\u0161ak po\u010dm\u00e1rame papiere netrhali z&nbsp;r\u00fak, no naopak. V&nbsp;tvorbe ho podporovali. A&nbsp;mo\u017eno aj preto dnes patr\u00ed do silnej gener\u00e1cie maliarov, ktor\u00e1 vst\u00fapila na sc\u00e9nu po roku 2000. D\u00f4kazom toho s\u00fa aj mnoh\u00e9 samostatn\u00e9 v\u00fdstavy ako aj zast\u00fapenie v zbierkach. Z\u00e1kladnou amb\u00edciou jeho tvorby [&hellip;]\" \/>\n<meta property=\"og:url\" content=\"https:\/\/www.cerstveovocie.sk\/narabanie-s-priestorom-mesta-mestskej-krajiny-ci-periferie-a-to-v-obraze\/\" \/>\n<meta property=\"og:site_name\" content=\"\u010cerstv\u00e9 Ovocie\" \/>\n<meta property=\"article:published_time\" content=\"2021-09-20T05:00:00+00:00\" \/>\n<meta property=\"article:modified_time\" content=\"2021-11-04T20:51:20+00:00\" \/>\n<meta property=\"og:image\" content=\"https:\/\/www.cerstveovocie.sk\/wp-content\/uploads\/2021\/09\/Rastislav-Sedlacik_01_JK07551-foto-Adam-Sakovy-scaled.jpg\" \/>\n\t<meta property=\"og:image:width\" content=\"2560\" \/>\n\t<meta property=\"og:image:height\" content=\"1709\" \/>\n\t<meta property=\"og:image:type\" content=\"image\/jpeg\" \/>\n<meta name=\"author\" content=\"Martin Brix\" \/>\n<meta name=\"twitter:card\" content=\"summary_large_image\" \/>\n<meta name=\"twitter:label1\" content=\"Autor\" \/>\n\t<meta name=\"twitter:data1\" content=\"Martin Brix\" \/>\n\t<meta name=\"twitter:label2\" content=\"Predpokladan\u00fd \u010das \u010d\u00edtania\" \/>\n\t<meta name=\"twitter:data2\" content=\"4 min\u00faty\" \/>\n<script type=\"application\/ld+json\" class=\"yoast-schema-graph\">{\"@context\":\"https:\/\/schema.org\",\"@graph\":[{\"@type\":\"Article\",\"@id\":\"https:\/\/www.cerstveovocie.sk\/narabanie-s-priestorom-mesta-mestskej-krajiny-ci-periferie-a-to-v-obraze\/#article\",\"isPartOf\":{\"@id\":\"https:\/\/www.cerstveovocie.sk\/narabanie-s-priestorom-mesta-mestskej-krajiny-ci-periferie-a-to-v-obraze\/\"},\"author\":{\"name\":\"Martin Brix\",\"@id\":\"https:\/\/www.cerstveovocie.sk\/#\/schema\/person\/8e202c9288643a126812bf9c72605646\"},\"headline\":\"Nar\u00e1banie s priestorom mesta, mestskej krajiny \u010di perif\u00e9rie a to v obraze\",\"datePublished\":\"2021-09-20T05:00:00+00:00\",\"dateModified\":\"2021-11-04T20:51:20+00:00\",\"mainEntityOfPage\":{\"@id\":\"https:\/\/www.cerstveovocie.sk\/narabanie-s-priestorom-mesta-mestskej-krajiny-ci-periferie-a-to-v-obraze\/\"},\"wordCount\":1131,\"commentCount\":0,\"image\":{\"@id\":\"https:\/\/www.cerstveovocie.sk\/narabanie-s-priestorom-mesta-mestskej-krajiny-ci-periferie-a-to-v-obraze\/#primaryimage\"},\"thumbnailUrl\":\"https:\/\/d.r1.wbsprt.com\/cerstveovocie.sk\/wp-content\/uploads\/2021\/09\/Rastislav-Sedlacik_01_JK07551-foto-Adam-Sakovy-scaled.jpg\",\"keywords\":[\"\u010derstv\u00e9 ovocie_fm\",\"crossover\",\"efemko\",\"ma\u013eba\",\"v\u00fdtvarn\u00e9 umenie\",\"xerox\"],\"articleSection\":[\"\u010cerstv\u00e9 Ovocie\",\"Novinky\"],\"inLanguage\":\"sk-SK\",\"potentialAction\":[{\"@type\":\"CommentAction\",\"name\":\"Comment\",\"target\":[\"https:\/\/www.cerstveovocie.sk\/narabanie-s-priestorom-mesta-mestskej-krajiny-ci-periferie-a-to-v-obraze\/#respond\"]}]},{\"@type\":\"WebPage\",\"@id\":\"https:\/\/www.cerstveovocie.sk\/narabanie-s-priestorom-mesta-mestskej-krajiny-ci-periferie-a-to-v-obraze\/\",\"url\":\"https:\/\/www.cerstveovocie.sk\/narabanie-s-priestorom-mesta-mestskej-krajiny-ci-periferie-a-to-v-obraze\/\",\"name\":\"Nar\u00e1banie s priestorom mesta, mestskej krajiny \u010di perif\u00e9rie a to v obraze - \u010cerstv\u00e9 Ovocie\",\"isPartOf\":{\"@id\":\"https:\/\/www.cerstveovocie.sk\/#website\"},\"primaryImageOfPage\":{\"@id\":\"https:\/\/www.cerstveovocie.sk\/narabanie-s-priestorom-mesta-mestskej-krajiny-ci-periferie-a-to-v-obraze\/#primaryimage\"},\"image\":{\"@id\":\"https:\/\/www.cerstveovocie.sk\/narabanie-s-priestorom-mesta-mestskej-krajiny-ci-periferie-a-to-v-obraze\/#primaryimage\"},\"thumbnailUrl\":\"https:\/\/d.r1.wbsprt.com\/cerstveovocie.sk\/wp-content\/uploads\/2021\/09\/Rastislav-Sedlacik_01_JK07551-foto-Adam-Sakovy-scaled.jpg\",\"datePublished\":\"2021-09-20T05:00:00+00:00\",\"dateModified\":\"2021-11-04T20:51:20+00:00\",\"author\":{\"@id\":\"https:\/\/www.cerstveovocie.sk\/#\/schema\/person\/8e202c9288643a126812bf9c72605646\"},\"breadcrumb\":{\"@id\":\"https:\/\/www.cerstveovocie.sk\/narabanie-s-priestorom-mesta-mestskej-krajiny-ci-periferie-a-to-v-obraze\/#breadcrumb\"},\"inLanguage\":\"sk-SK\",\"potentialAction\":[{\"@type\":\"ReadAction\",\"target\":[\"https:\/\/www.cerstveovocie.sk\/narabanie-s-priestorom-mesta-mestskej-krajiny-ci-periferie-a-to-v-obraze\/\"]}]},{\"@type\":\"ImageObject\",\"inLanguage\":\"sk-SK\",\"@id\":\"https:\/\/www.cerstveovocie.sk\/narabanie-s-priestorom-mesta-mestskej-krajiny-ci-periferie-a-to-v-obraze\/#primaryimage\",\"url\":\"https:\/\/d.r1.wbsprt.com\/cerstveovocie.sk\/wp-content\/uploads\/2021\/09\/Rastislav-Sedlacik_01_JK07551-foto-Adam-Sakovy-scaled.jpg\",\"contentUrl\":\"https:\/\/d.r1.wbsprt.com\/cerstveovocie.sk\/wp-content\/uploads\/2021\/09\/Rastislav-Sedlacik_01_JK07551-foto-Adam-Sakovy-scaled.jpg\",\"width\":2560,\"height\":1709},{\"@type\":\"BreadcrumbList\",\"@id\":\"https:\/\/www.cerstveovocie.sk\/narabanie-s-priestorom-mesta-mestskej-krajiny-ci-periferie-a-to-v-obraze\/#breadcrumb\",\"itemListElement\":[{\"@type\":\"ListItem\",\"position\":1,\"name\":\"Home\",\"item\":\"https:\/\/www.cerstveovocie.sk\/\"},{\"@type\":\"ListItem\",\"position\":2,\"name\":\"Nar\u00e1banie s priestorom mesta, mestskej krajiny \u010di perif\u00e9rie a to v obraze\"}]},{\"@type\":\"WebSite\",\"@id\":\"https:\/\/www.cerstveovocie.sk\/#website\",\"url\":\"https:\/\/www.cerstveovocie.sk\/\",\"name\":\"\u010cerstv\u00e9 Ovocie\",\"description\":\"V\u00fd\u017eivn\u00e1 porcia lok\u00e1lnej tvorby.\",\"potentialAction\":[{\"@type\":\"SearchAction\",\"target\":{\"@type\":\"EntryPoint\",\"urlTemplate\":\"https:\/\/www.cerstveovocie.sk\/?s={search_term_string}\"},\"query-input\":{\"@type\":\"PropertyValueSpecification\",\"valueRequired\":true,\"valueName\":\"search_term_string\"}}],\"inLanguage\":\"sk-SK\"},{\"@type\":\"Person\",\"@id\":\"https:\/\/www.cerstveovocie.sk\/#\/schema\/person\/8e202c9288643a126812bf9c72605646\",\"name\":\"Martin Brix\",\"image\":{\"@type\":\"ImageObject\",\"inLanguage\":\"sk-SK\",\"@id\":\"https:\/\/www.cerstveovocie.sk\/#\/schema\/person\/image\/\",\"url\":\"https:\/\/secure.gravatar.com\/avatar\/6af874eeaf8969d475094f41c59f338c12819f2025832a5aa203c0d29ad36294?s=96&d=mm&r=g\",\"contentUrl\":\"https:\/\/secure.gravatar.com\/avatar\/6af874eeaf8969d475094f41c59f338c12819f2025832a5aa203c0d29ad36294?s=96&d=mm&r=g\",\"caption\":\"Martin Brix\"},\"url\":\"https:\/\/d.r1.wbsprt.com\/cerstveovocie.sk\/author\/brix\/\"}]}<\/script>\n<!-- \/ Yoast SEO plugin. -->","yoast_head_json":{"title":"Nar\u00e1banie s priestorom mesta, mestskej krajiny \u010di perif\u00e9rie a to v obraze - \u010cerstv\u00e9 Ovocie","robots":{"index":"index","follow":"follow","max-snippet":"max-snippet:-1","max-image-preview":"max-image-preview:large","max-video-preview":"max-video-preview:-1"},"canonical":"https:\/\/www.cerstveovocie.sk\/narabanie-s-priestorom-mesta-mestskej-krajiny-ci-periferie-a-to-v-obraze\/","og_locale":"sk_SK","og_type":"article","og_title":"Nar\u00e1banie s priestorom mesta, mestskej krajiny \u010di perif\u00e9rie a to v obraze - \u010cerstv\u00e9 Ovocie","og_description":"U\u017e ako mal\u00fd r\u00e1d kreslil. Ale to nie je ni\u010d nezvy\u010dajn\u00e9. Rodi\u010dia mu v\u0161ak po\u010dm\u00e1rame papiere netrhali z&nbsp;r\u00fak, no naopak. V&nbsp;tvorbe ho podporovali. A&nbsp;mo\u017eno aj preto dnes patr\u00ed do silnej gener\u00e1cie maliarov, ktor\u00e1 vst\u00fapila na sc\u00e9nu po roku 2000. D\u00f4kazom toho s\u00fa aj mnoh\u00e9 samostatn\u00e9 v\u00fdstavy ako aj zast\u00fapenie v zbierkach. Z\u00e1kladnou amb\u00edciou jeho tvorby [&hellip;]","og_url":"https:\/\/www.cerstveovocie.sk\/narabanie-s-priestorom-mesta-mestskej-krajiny-ci-periferie-a-to-v-obraze\/","og_site_name":"\u010cerstv\u00e9 Ovocie","article_published_time":"2021-09-20T05:00:00+00:00","article_modified_time":"2021-11-04T20:51:20+00:00","og_image":[{"width":2560,"height":1709,"url":"https:\/\/www.cerstveovocie.sk\/wp-content\/uploads\/2021\/09\/Rastislav-Sedlacik_01_JK07551-foto-Adam-Sakovy-scaled.jpg","type":"image\/jpeg"}],"author":"Martin Brix","twitter_card":"summary_large_image","twitter_misc":{"Autor":"Martin Brix","Predpokladan\u00fd \u010das \u010d\u00edtania":"4 min\u00faty"},"schema":{"@context":"https:\/\/schema.org","@graph":[{"@type":"Article","@id":"https:\/\/www.cerstveovocie.sk\/narabanie-s-priestorom-mesta-mestskej-krajiny-ci-periferie-a-to-v-obraze\/#article","isPartOf":{"@id":"https:\/\/www.cerstveovocie.sk\/narabanie-s-priestorom-mesta-mestskej-krajiny-ci-periferie-a-to-v-obraze\/"},"author":{"name":"Martin Brix","@id":"https:\/\/www.cerstveovocie.sk\/#\/schema\/person\/8e202c9288643a126812bf9c72605646"},"headline":"Nar\u00e1banie s priestorom mesta, mestskej krajiny \u010di perif\u00e9rie a to v obraze","datePublished":"2021-09-20T05:00:00+00:00","dateModified":"2021-11-04T20:51:20+00:00","mainEntityOfPage":{"@id":"https:\/\/www.cerstveovocie.sk\/narabanie-s-priestorom-mesta-mestskej-krajiny-ci-periferie-a-to-v-obraze\/"},"wordCount":1131,"commentCount":0,"image":{"@id":"https:\/\/www.cerstveovocie.sk\/narabanie-s-priestorom-mesta-mestskej-krajiny-ci-periferie-a-to-v-obraze\/#primaryimage"},"thumbnailUrl":"https:\/\/d.r1.wbsprt.com\/cerstveovocie.sk\/wp-content\/uploads\/2021\/09\/Rastislav-Sedlacik_01_JK07551-foto-Adam-Sakovy-scaled.jpg","keywords":["\u010derstv\u00e9 ovocie_fm","crossover","efemko","ma\u013eba","v\u00fdtvarn\u00e9 umenie","xerox"],"articleSection":["\u010cerstv\u00e9 Ovocie","Novinky"],"inLanguage":"sk-SK","potentialAction":[{"@type":"CommentAction","name":"Comment","target":["https:\/\/www.cerstveovocie.sk\/narabanie-s-priestorom-mesta-mestskej-krajiny-ci-periferie-a-to-v-obraze\/#respond"]}]},{"@type":"WebPage","@id":"https:\/\/www.cerstveovocie.sk\/narabanie-s-priestorom-mesta-mestskej-krajiny-ci-periferie-a-to-v-obraze\/","url":"https:\/\/www.cerstveovocie.sk\/narabanie-s-priestorom-mesta-mestskej-krajiny-ci-periferie-a-to-v-obraze\/","name":"Nar\u00e1banie s priestorom mesta, mestskej krajiny \u010di perif\u00e9rie a to v obraze - \u010cerstv\u00e9 Ovocie","isPartOf":{"@id":"https:\/\/www.cerstveovocie.sk\/#website"},"primaryImageOfPage":{"@id":"https:\/\/www.cerstveovocie.sk\/narabanie-s-priestorom-mesta-mestskej-krajiny-ci-periferie-a-to-v-obraze\/#primaryimage"},"image":{"@id":"https:\/\/www.cerstveovocie.sk\/narabanie-s-priestorom-mesta-mestskej-krajiny-ci-periferie-a-to-v-obraze\/#primaryimage"},"thumbnailUrl":"https:\/\/d.r1.wbsprt.com\/cerstveovocie.sk\/wp-content\/uploads\/2021\/09\/Rastislav-Sedlacik_01_JK07551-foto-Adam-Sakovy-scaled.jpg","datePublished":"2021-09-20T05:00:00+00:00","dateModified":"2021-11-04T20:51:20+00:00","author":{"@id":"https:\/\/www.cerstveovocie.sk\/#\/schema\/person\/8e202c9288643a126812bf9c72605646"},"breadcrumb":{"@id":"https:\/\/www.cerstveovocie.sk\/narabanie-s-priestorom-mesta-mestskej-krajiny-ci-periferie-a-to-v-obraze\/#breadcrumb"},"inLanguage":"sk-SK","potentialAction":[{"@type":"ReadAction","target":["https:\/\/www.cerstveovocie.sk\/narabanie-s-priestorom-mesta-mestskej-krajiny-ci-periferie-a-to-v-obraze\/"]}]},{"@type":"ImageObject","inLanguage":"sk-SK","@id":"https:\/\/www.cerstveovocie.sk\/narabanie-s-priestorom-mesta-mestskej-krajiny-ci-periferie-a-to-v-obraze\/#primaryimage","url":"https:\/\/d.r1.wbsprt.com\/cerstveovocie.sk\/wp-content\/uploads\/2021\/09\/Rastislav-Sedlacik_01_JK07551-foto-Adam-Sakovy-scaled.jpg","contentUrl":"https:\/\/d.r1.wbsprt.com\/cerstveovocie.sk\/wp-content\/uploads\/2021\/09\/Rastislav-Sedlacik_01_JK07551-foto-Adam-Sakovy-scaled.jpg","width":2560,"height":1709},{"@type":"BreadcrumbList","@id":"https:\/\/www.cerstveovocie.sk\/narabanie-s-priestorom-mesta-mestskej-krajiny-ci-periferie-a-to-v-obraze\/#breadcrumb","itemListElement":[{"@type":"ListItem","position":1,"name":"Home","item":"https:\/\/www.cerstveovocie.sk\/"},{"@type":"ListItem","position":2,"name":"Nar\u00e1banie s priestorom mesta, mestskej krajiny \u010di perif\u00e9rie a to v obraze"}]},{"@type":"WebSite","@id":"https:\/\/www.cerstveovocie.sk\/#website","url":"https:\/\/www.cerstveovocie.sk\/","name":"\u010cerstv\u00e9 Ovocie","description":"V\u00fd\u017eivn\u00e1 porcia lok\u00e1lnej tvorby.","potentialAction":[{"@type":"SearchAction","target":{"@type":"EntryPoint","urlTemplate":"https:\/\/www.cerstveovocie.sk\/?s={search_term_string}"},"query-input":{"@type":"PropertyValueSpecification","valueRequired":true,"valueName":"search_term_string"}}],"inLanguage":"sk-SK"},{"@type":"Person","@id":"https:\/\/www.cerstveovocie.sk\/#\/schema\/person\/8e202c9288643a126812bf9c72605646","name":"Martin Brix","image":{"@type":"ImageObject","inLanguage":"sk-SK","@id":"https:\/\/www.cerstveovocie.sk\/#\/schema\/person\/image\/","url":"https:\/\/secure.gravatar.com\/avatar\/6af874eeaf8969d475094f41c59f338c12819f2025832a5aa203c0d29ad36294?s=96&d=mm&r=g","contentUrl":"https:\/\/secure.gravatar.com\/avatar\/6af874eeaf8969d475094f41c59f338c12819f2025832a5aa203c0d29ad36294?s=96&d=mm&r=g","caption":"Martin Brix"},"url":"https:\/\/d.r1.wbsprt.com\/cerstveovocie.sk\/author\/brix\/"}]}},"_links":{"self":[{"href":"https:\/\/d.r1.wbsprt.com\/cerstveovocie.sk\/wp-json\/wp\/v2\/posts\/1363","targetHints":{"allow":["GET"]}}],"collection":[{"href":"https:\/\/d.r1.wbsprt.com\/cerstveovocie.sk\/wp-json\/wp\/v2\/posts"}],"about":[{"href":"https:\/\/d.r1.wbsprt.com\/cerstveovocie.sk\/wp-json\/wp\/v2\/types\/post"}],"author":[{"embeddable":true,"href":"https:\/\/d.r1.wbsprt.com\/cerstveovocie.sk\/wp-json\/wp\/v2\/users\/3"}],"replies":[{"embeddable":true,"href":"https:\/\/d.r1.wbsprt.com\/cerstveovocie.sk\/wp-json\/wp\/v2\/comments?post=1363"}],"version-history":[{"count":3,"href":"https:\/\/d.r1.wbsprt.com\/cerstveovocie.sk\/wp-json\/wp\/v2\/posts\/1363\/revisions"}],"predecessor-version":[{"id":1534,"href":"https:\/\/d.r1.wbsprt.com\/cerstveovocie.sk\/wp-json\/wp\/v2\/posts\/1363\/revisions\/1534"}],"wp:featuredmedia":[{"embeddable":true,"href":"https:\/\/d.r1.wbsprt.com\/cerstveovocie.sk\/wp-json\/wp\/v2\/media\/1364"}],"wp:attachment":[{"href":"https:\/\/d.r1.wbsprt.com\/cerstveovocie.sk\/wp-json\/wp\/v2\/media?parent=1363"}],"wp:term":[{"taxonomy":"category","embeddable":true,"href":"https:\/\/d.r1.wbsprt.com\/cerstveovocie.sk\/wp-json\/wp\/v2\/categories?post=1363"},{"taxonomy":"post_tag","embeddable":true,"href":"https:\/\/d.r1.wbsprt.com\/cerstveovocie.sk\/wp-json\/wp\/v2\/tags?post=1363"}],"curies":[{"name":"wp","href":"https:\/\/api.w.org\/{rel}","templated":true}]}}