{"id":2120,"date":"2024-01-31T09:07:53","date_gmt":"2024-01-31T08:07:53","guid":{"rendered":"https:\/\/beservice.sk\/?p=2120"},"modified":"2024-01-31T12:04:09","modified_gmt":"2024-01-31T11:04:09","slug":"dni-facility-managementu-2023","status":"publish","type":"post","link":"https:\/\/d.r1.wbsprt.com\/beservice.sk\/dni-facility-managementu-2023\/","title":{"rendered":"DNI FACILITY MANAGEMENTU 2023"},"content":{"rendered":"<p>V d\u0148och 19. a 20.9.2023 sme sa op\u00e4tovne ako ka\u017ed\u00fd rok z\u00fa\u010dastnili na <strong>12. ro\u010dn\u00edku konferencie \u201eDNI FM 2023\u201c<\/strong> ktor\u00fa organizovala SLOVENSK\u00c1 ASOCI\u00c1CIA FACILITY MANAGEMENTU \u2013 SAFM v priestoroch hotela Double Tree by Hilton, Bratislava&#8230;<\/p>\n<p>V r\u00e1mci odborn\u00fdch pr\u00edspevkov n\u00e1s zastupoval konate\u013e spolo\u010dnosti Ing. Miroslav Kukla, ktor\u00fd vyst\u00fapil v PRVOM bloku konferencie venovanom UDR\u017dATE\u013dNOSTI FM A ENERGETICK\u00ddM OPATRENIAM.<br \/>\nJeho pr\u00edspevok s n\u00e1zvom \u201e<strong>\u010co s historick\u00fdmi oknami pri s\u00fa\u010dasnom trende maximaliz\u00e1cie \u00faspor energi\u00ed na objektoch?<\/strong>\u201c pouk\u00e1zal na zatia\u013e nerie\u0161en\u00fa problematiku v tejto oblasti.<\/p>\n<p>V\u00a0predn\u00e1\u0161ke sa detailnej\u0161ie venoval:<\/p>\n<p>\u2022 aktu\u00e1lnej situ\u00e1ci\u00ed na trhu s historick\u00fdmi budovami v problematike obvodov\u00fdch pl\u00e1\u0161\u0165ov<br \/>\n\u2022 n\u00e1vrhu modelu spolupr\u00e1ce v\u0161etk\u00fdch z\u00fa\u010dastnen\u00fdch str\u00e1n<br \/>\n\u2022 zmysluplnej expert\u00edze pre vlastn\u00edkov a spr\u00e1vcov historick\u00fdch objektov a prezentoval konkr\u00e9tny pr\u00edklad n\u00e1vrhu postupu pri v\u00fdmene historick\u00e9ho okna na budove Slovenskej z\u00e1ru\u010dnej a rozvojovej banke v Bratislave, ktor\u00fd na\u0161a spolo\u010dnos\u0165 realizovala v spolupr\u00e1ci s Technickou univerzitou STU v Bratislave.<\/p>\n<p>Za na\u0161u spolo\u010dnos\u0165 sa na konferencii z\u00fa\u010dastnili Adrian Pavlik, Ing., PhD. a Ing. Miroslav Kukla.<br \/>\nBratislava 20.9.2023<\/p>\n\n        <style type='text\/css'>\n            #gallery-1 .gallery-item {\n                float: left;\n                text-align: center;\n                width: 50%;\n                margin-bottom:0;\n            }\n            #gallery-1 img {\n            }\n            #gallery-1 .gallery-caption {\n                margin-left: 0;\n            }\n        <\/style>\n\t\t<div id='gallery-1' class='gallery  gallery-columns-2 gallery-size-medium-thumb gallery-lightbox'><dl class='gallery-item'>\n            <dt class='gallery-icon'>\n                <a href='https:\/\/d.r1.wbsprt.com\/beservice.sk\/wp-content\/uploads\/2024\/01\/safm_konferencia_beservice_2023.jpg'><img loading=\"lazy\" decoding=\"async\" width=\"600\" height=\"300\" src=\"https:\/\/d.r1.wbsprt.com\/beservice.sk\/wp-content\/uploads\/2024\/01\/safm_konferencia_beservice_2023-600x300.jpg\" class=\"attachment-medium-thumb size-medium-thumb\" alt=\"\" srcset=\"http:\/\/d.r1.wbsprt.com\/beservice.sk\/wp-content\/uploads\/2024\/01\/safm_konferencia_beservice_2023-600x300.jpg 600w, http:\/\/d.r1.wbsprt.com\/beservice.sk\/wp-content\/uploads\/2024\/01\/safm_konferencia_beservice_2023-400x200.jpg 400w, http:\/\/d.r1.wbsprt.com\/beservice.sk\/wp-content\/uploads\/2024\/01\/safm_konferencia_beservice_2023-800x400.jpg 800w\" sizes=\"(max-width: 600px) 100vw, 600px\" \/><\/a>\n            <\/dt><\/dl><dl class='gallery-item'>\n            <dt class='gallery-icon'>\n                <a href='https:\/\/d.r1.wbsprt.com\/beservice.sk\/wp-content\/uploads\/2024\/01\/safm_konferencia_beservice_2023_1.jpg'><img loading=\"lazy\" decoding=\"async\" width=\"600\" height=\"300\" src=\"https:\/\/d.r1.wbsprt.com\/beservice.sk\/wp-content\/uploads\/2024\/01\/safm_konferencia_beservice_2023_1-600x300.jpg\" class=\"attachment-medium-thumb size-medium-thumb\" alt=\"\" srcset=\"http:\/\/d.r1.wbsprt.com\/beservice.sk\/wp-content\/uploads\/2024\/01\/safm_konferencia_beservice_2023_1-600x300.jpg 600w, http:\/\/d.r1.wbsprt.com\/beservice.sk\/wp-content\/uploads\/2024\/01\/safm_konferencia_beservice_2023_1-400x200.jpg 400w, http:\/\/d.r1.wbsprt.com\/beservice.sk\/wp-content\/uploads\/2024\/01\/safm_konferencia_beservice_2023_1-800x400.jpg 800w\" sizes=\"(max-width: 600px) 100vw, 600px\" \/><\/a>\n            <\/dt><\/dl><div class=\"clear\"><\/div><dl class='gallery-item'>\n            <dt class='gallery-icon'>\n                <a href='https:\/\/d.r1.wbsprt.com\/beservice.sk\/wp-content\/uploads\/2024\/01\/safm_konferencia_beservice_2023_2.jpg'><img loading=\"lazy\" decoding=\"async\" width=\"600\" height=\"300\" src=\"https:\/\/d.r1.wbsprt.com\/beservice.sk\/wp-content\/uploads\/2024\/01\/safm_konferencia_beservice_2023_2-600x300.jpg\" class=\"attachment-medium-thumb size-medium-thumb\" alt=\"\" srcset=\"http:\/\/d.r1.wbsprt.com\/beservice.sk\/wp-content\/uploads\/2024\/01\/safm_konferencia_beservice_2023_2-600x300.jpg 600w, http:\/\/d.r1.wbsprt.com\/beservice.sk\/wp-content\/uploads\/2024\/01\/safm_konferencia_beservice_2023_2-400x200.jpg 400w, http:\/\/d.r1.wbsprt.com\/beservice.sk\/wp-content\/uploads\/2024\/01\/safm_konferencia_beservice_2023_2-800x400.jpg 800w\" sizes=\"(max-width: 600px) 100vw, 600px\" \/><\/a>\n            <\/dt><\/dl><dl class='gallery-item'>\n            <dt class='gallery-icon'>\n                <a href='https:\/\/d.r1.wbsprt.com\/beservice.sk\/wp-content\/uploads\/2024\/01\/safm_konferencia_beservice_2023_3.jpg'><img loading=\"lazy\" decoding=\"async\" width=\"600\" height=\"300\" src=\"https:\/\/d.r1.wbsprt.com\/beservice.sk\/wp-content\/uploads\/2024\/01\/safm_konferencia_beservice_2023_3-600x300.jpg\" class=\"attachment-medium-thumb size-medium-thumb\" alt=\"\" srcset=\"http:\/\/d.r1.wbsprt.com\/beservice.sk\/wp-content\/uploads\/2024\/01\/safm_konferencia_beservice_2023_3-600x300.jpg 600w, http:\/\/d.r1.wbsprt.com\/beservice.sk\/wp-content\/uploads\/2024\/01\/safm_konferencia_beservice_2023_3-400x200.jpg 400w, http:\/\/d.r1.wbsprt.com\/beservice.sk\/wp-content\/uploads\/2024\/01\/safm_konferencia_beservice_2023_3-800x400.jpg 800w\" sizes=\"(max-width: 600px) 100vw, 600px\" \/><\/a>\n            <\/dt><\/dl><div class=\"clear\"><\/div><dl class='gallery-item'>\n            <dt class='gallery-icon'>\n                <a href='https:\/\/d.r1.wbsprt.com\/beservice.sk\/wp-content\/uploads\/2024\/01\/safm_konferencia_beservice_2023_4.jpg'><img loading=\"lazy\" decoding=\"async\" width=\"600\" height=\"300\" src=\"https:\/\/d.r1.wbsprt.com\/beservice.sk\/wp-content\/uploads\/2024\/01\/safm_konferencia_beservice_2023_4-600x300.jpg\" class=\"attachment-medium-thumb size-medium-thumb\" alt=\"\" srcset=\"http:\/\/d.r1.wbsprt.com\/beservice.sk\/wp-content\/uploads\/2024\/01\/safm_konferencia_beservice_2023_4-600x300.jpg 600w, http:\/\/d.r1.wbsprt.com\/beservice.sk\/wp-content\/uploads\/2024\/01\/safm_konferencia_beservice_2023_4-400x200.jpg 400w, http:\/\/d.r1.wbsprt.com\/beservice.sk\/wp-content\/uploads\/2024\/01\/safm_konferencia_beservice_2023_4-800x400.jpg 800w\" sizes=\"(max-width: 600px) 100vw, 600px\" \/><\/a>\n            <\/dt><\/dl><dl class='gallery-item'>\n            <dt class='gallery-icon'>\n                <a href='https:\/\/d.r1.wbsprt.com\/beservice.sk\/wp-content\/uploads\/2024\/01\/safm_konferencia_beservice_2023_5.jpg'><img loading=\"lazy\" decoding=\"async\" width=\"600\" height=\"300\" src=\"https:\/\/d.r1.wbsprt.com\/beservice.sk\/wp-content\/uploads\/2024\/01\/safm_konferencia_beservice_2023_5-600x300.jpg\" class=\"attachment-medium-thumb size-medium-thumb\" alt=\"\" srcset=\"http:\/\/d.r1.wbsprt.com\/beservice.sk\/wp-content\/uploads\/2024\/01\/safm_konferencia_beservice_2023_5-600x300.jpg 600w, http:\/\/d.r1.wbsprt.com\/beservice.sk\/wp-content\/uploads\/2024\/01\/safm_konferencia_beservice_2023_5-400x200.jpg 400w, http:\/\/d.r1.wbsprt.com\/beservice.sk\/wp-content\/uploads\/2024\/01\/safm_konferencia_beservice_2023_5-800x400.jpg 800w\" sizes=\"(max-width: 600px) 100vw, 600px\" \/><\/a>\n            <\/dt><\/dl><div class=\"clear\"><\/div><dl class='gallery-item'>\n            <dt class='gallery-icon'>\n                <a href='https:\/\/d.r1.wbsprt.com\/beservice.sk\/wp-content\/uploads\/2024\/01\/safm_konferencia_beservice_2023_6.jpg'><img loading=\"lazy\" decoding=\"async\" width=\"600\" height=\"300\" src=\"https:\/\/d.r1.wbsprt.com\/beservice.sk\/wp-content\/uploads\/2024\/01\/safm_konferencia_beservice_2023_6-600x300.jpg\" class=\"attachment-medium-thumb size-medium-thumb\" alt=\"\" srcset=\"http:\/\/d.r1.wbsprt.com\/beservice.sk\/wp-content\/uploads\/2024\/01\/safm_konferencia_beservice_2023_6-600x300.jpg 600w, http:\/\/d.r1.wbsprt.com\/beservice.sk\/wp-content\/uploads\/2024\/01\/safm_konferencia_beservice_2023_6-400x200.jpg 400w, http:\/\/d.r1.wbsprt.com\/beservice.sk\/wp-content\/uploads\/2024\/01\/safm_konferencia_beservice_2023_6-800x400.jpg 800w\" sizes=\"(max-width: 600px) 100vw, 600px\" \/><\/a>\n            <\/dt><\/dl><dl class='gallery-item'>\n            <dt class='gallery-icon'>\n                <a href='https:\/\/d.r1.wbsprt.com\/beservice.sk\/wp-content\/uploads\/2024\/01\/safm_konferencia_beservice_2023_7.jpg'><img loading=\"lazy\" decoding=\"async\" width=\"600\" height=\"300\" src=\"https:\/\/d.r1.wbsprt.com\/beservice.sk\/wp-content\/uploads\/2024\/01\/safm_konferencia_beservice_2023_7-600x300.jpg\" class=\"attachment-medium-thumb size-medium-thumb\" alt=\"\" srcset=\"http:\/\/d.r1.wbsprt.com\/beservice.sk\/wp-content\/uploads\/2024\/01\/safm_konferencia_beservice_2023_7-600x300.jpg 600w, http:\/\/d.r1.wbsprt.com\/beservice.sk\/wp-content\/uploads\/2024\/01\/safm_konferencia_beservice_2023_7-400x200.jpg 400w, http:\/\/d.r1.wbsprt.com\/beservice.sk\/wp-content\/uploads\/2024\/01\/safm_konferencia_beservice_2023_7-800x400.jpg 800w\" sizes=\"(max-width: 600px) 100vw, 600px\" \/><\/a>\n            <\/dt><\/dl><div class=\"clear\"><\/div><dl class='gallery-item'>\n            <dt class='gallery-icon'>\n                <a href='https:\/\/d.r1.wbsprt.com\/beservice.sk\/wp-content\/uploads\/2024\/01\/safm_konferencia_beservice_2023_8.jpg'><img loading=\"lazy\" decoding=\"async\" width=\"600\" height=\"300\" src=\"https:\/\/d.r1.wbsprt.com\/beservice.sk\/wp-content\/uploads\/2024\/01\/safm_konferencia_beservice_2023_8-600x300.jpg\" class=\"attachment-medium-thumb size-medium-thumb\" alt=\"\" srcset=\"http:\/\/d.r1.wbsprt.com\/beservice.sk\/wp-content\/uploads\/2024\/01\/safm_konferencia_beservice_2023_8-600x300.jpg 600w, http:\/\/d.r1.wbsprt.com\/beservice.sk\/wp-content\/uploads\/2024\/01\/safm_konferencia_beservice_2023_8-400x200.jpg 400w, http:\/\/d.r1.wbsprt.com\/beservice.sk\/wp-content\/uploads\/2024\/01\/safm_konferencia_beservice_2023_8-800x400.jpg 800w\" sizes=\"(max-width: 600px) 100vw, 600px\" \/><\/a>\n            <\/dt><\/dl><dl class='gallery-item'>\n            <dt class='gallery-icon'>\n                <a href='https:\/\/d.r1.wbsprt.com\/beservice.sk\/wp-content\/uploads\/2024\/01\/safm_konferencia_beservice_2023_9.jpg'><img loading=\"lazy\" decoding=\"async\" width=\"600\" height=\"300\" src=\"https:\/\/d.r1.wbsprt.com\/beservice.sk\/wp-content\/uploads\/2024\/01\/safm_konferencia_beservice_2023_9-600x300.jpg\" class=\"attachment-medium-thumb size-medium-thumb\" alt=\"\" srcset=\"http:\/\/d.r1.wbsprt.com\/beservice.sk\/wp-content\/uploads\/2024\/01\/safm_konferencia_beservice_2023_9-600x300.jpg 600w, http:\/\/d.r1.wbsprt.com\/beservice.sk\/wp-content\/uploads\/2024\/01\/safm_konferencia_beservice_2023_9-400x200.jpg 400w, http:\/\/d.r1.wbsprt.com\/beservice.sk\/wp-content\/uploads\/2024\/01\/safm_konferencia_beservice_2023_9-800x400.jpg 800w\" sizes=\"(max-width: 600px) 100vw, 600px\" \/><\/a>\n            <\/dt><\/dl><div class=\"clear\"><\/div><dl class='gallery-item'>\n            <dt class='gallery-icon'>\n                <a href='https:\/\/d.r1.wbsprt.com\/beservice.sk\/wp-content\/uploads\/2024\/01\/safm_konferencia_beservice_2023_10.jpg'><img loading=\"lazy\" decoding=\"async\" width=\"600\" height=\"300\" src=\"https:\/\/d.r1.wbsprt.com\/beservice.sk\/wp-content\/uploads\/2024\/01\/safm_konferencia_beservice_2023_10-600x300.jpg\" class=\"attachment-medium-thumb size-medium-thumb\" alt=\"\" srcset=\"http:\/\/d.r1.wbsprt.com\/beservice.sk\/wp-content\/uploads\/2024\/01\/safm_konferencia_beservice_2023_10-600x300.jpg 600w, http:\/\/d.r1.wbsprt.com\/beservice.sk\/wp-content\/uploads\/2024\/01\/safm_konferencia_beservice_2023_10-400x200.jpg 400w, http:\/\/d.r1.wbsprt.com\/beservice.sk\/wp-content\/uploads\/2024\/01\/safm_konferencia_beservice_2023_10-800x400.jpg 800w\" sizes=\"(max-width: 600px) 100vw, 600px\" \/><\/a>\n            <\/dt><\/dl><dl class='gallery-item'>\n            <dt class='gallery-icon'>\n                <a href='https:\/\/d.r1.wbsprt.com\/beservice.sk\/wp-content\/uploads\/2024\/01\/safm_konferencia_beservice_2023_11.jpg'><img loading=\"lazy\" decoding=\"async\" width=\"600\" height=\"300\" src=\"https:\/\/d.r1.wbsprt.com\/beservice.sk\/wp-content\/uploads\/2024\/01\/safm_konferencia_beservice_2023_11-600x300.jpg\" class=\"attachment-medium-thumb size-medium-thumb\" alt=\"\" srcset=\"http:\/\/d.r1.wbsprt.com\/beservice.sk\/wp-content\/uploads\/2024\/01\/safm_konferencia_beservice_2023_11-600x300.jpg 600w, http:\/\/d.r1.wbsprt.com\/beservice.sk\/wp-content\/uploads\/2024\/01\/safm_konferencia_beservice_2023_11-400x200.jpg 400w, http:\/\/d.r1.wbsprt.com\/beservice.sk\/wp-content\/uploads\/2024\/01\/safm_konferencia_beservice_2023_11-800x400.jpg 800w\" sizes=\"(max-width: 600px) 100vw, 600px\" \/><\/a>\n            <\/dt><\/dl><div class=\"clear\"><\/div><dl class='gallery-item'>\n            <dt class='gallery-icon'>\n                <a href='https:\/\/d.r1.wbsprt.com\/beservice.sk\/wp-content\/uploads\/2024\/01\/safm_konferencia_beservice_2023_12.jpg'><img loading=\"lazy\" decoding=\"async\" width=\"600\" height=\"300\" src=\"https:\/\/d.r1.wbsprt.com\/beservice.sk\/wp-content\/uploads\/2024\/01\/safm_konferencia_beservice_2023_12-600x300.jpg\" class=\"attachment-medium-thumb size-medium-thumb\" alt=\"\" srcset=\"http:\/\/d.r1.wbsprt.com\/beservice.sk\/wp-content\/uploads\/2024\/01\/safm_konferencia_beservice_2023_12-600x300.jpg 600w, http:\/\/d.r1.wbsprt.com\/beservice.sk\/wp-content\/uploads\/2024\/01\/safm_konferencia_beservice_2023_12-400x200.jpg 400w, http:\/\/d.r1.wbsprt.com\/beservice.sk\/wp-content\/uploads\/2024\/01\/safm_konferencia_beservice_2023_12-800x400.jpg 800w\" sizes=\"(max-width: 600px) 100vw, 600px\" \/><\/a>\n            <\/dt><\/dl><dl class='gallery-item'>\n            <dt class='gallery-icon'>\n                <a href='https:\/\/d.r1.wbsprt.com\/beservice.sk\/wp-content\/uploads\/2024\/01\/safm_konferencia_beservice_2023_13.jpg'><img loading=\"lazy\" decoding=\"async\" width=\"600\" height=\"300\" src=\"https:\/\/d.r1.wbsprt.com\/beservice.sk\/wp-content\/uploads\/2024\/01\/safm_konferencia_beservice_2023_13-600x300.jpg\" class=\"attachment-medium-thumb size-medium-thumb\" alt=\"\" srcset=\"http:\/\/d.r1.wbsprt.com\/beservice.sk\/wp-content\/uploads\/2024\/01\/safm_konferencia_beservice_2023_13-600x300.jpg 600w, http:\/\/d.r1.wbsprt.com\/beservice.sk\/wp-content\/uploads\/2024\/01\/safm_konferencia_beservice_2023_13-400x200.jpg 400w, http:\/\/d.r1.wbsprt.com\/beservice.sk\/wp-content\/uploads\/2024\/01\/safm_konferencia_beservice_2023_13-800x400.jpg 800w\" sizes=\"(max-width: 600px) 100vw, 600px\" \/><\/a>\n            <\/dt><\/dl><div class=\"clear\"><\/div><dl class='gallery-item'>\n            <dt class='gallery-icon'>\n                <a href='https:\/\/d.r1.wbsprt.com\/beservice.sk\/wp-content\/uploads\/2024\/01\/safm_konferencia_beservice_2023_14.jpg'><img loading=\"lazy\" decoding=\"async\" width=\"600\" height=\"300\" src=\"https:\/\/d.r1.wbsprt.com\/beservice.sk\/wp-content\/uploads\/2024\/01\/safm_konferencia_beservice_2023_14-600x300.jpg\" class=\"attachment-medium-thumb size-medium-thumb\" alt=\"\" srcset=\"http:\/\/d.r1.wbsprt.com\/beservice.sk\/wp-content\/uploads\/2024\/01\/safm_konferencia_beservice_2023_14-600x300.jpg 600w, http:\/\/d.r1.wbsprt.com\/beservice.sk\/wp-content\/uploads\/2024\/01\/safm_konferencia_beservice_2023_14-400x200.jpg 400w, http:\/\/d.r1.wbsprt.com\/beservice.sk\/wp-content\/uploads\/2024\/01\/safm_konferencia_beservice_2023_14-800x400.jpg 800w\" sizes=\"(max-width: 600px) 100vw, 600px\" \/><\/a>\n            <\/dt><\/dl><dl class='gallery-item'>\n            <dt class='gallery-icon'>\n                <a href='https:\/\/d.r1.wbsprt.com\/beservice.sk\/wp-content\/uploads\/2024\/01\/safm_konferencia_beservice_2023_15.jpg'><img loading=\"lazy\" decoding=\"async\" width=\"600\" height=\"300\" src=\"https:\/\/d.r1.wbsprt.com\/beservice.sk\/wp-content\/uploads\/2024\/01\/safm_konferencia_beservice_2023_15-600x300.jpg\" class=\"attachment-medium-thumb size-medium-thumb\" alt=\"\" srcset=\"http:\/\/d.r1.wbsprt.com\/beservice.sk\/wp-content\/uploads\/2024\/01\/safm_konferencia_beservice_2023_15-600x300.jpg 600w, http:\/\/d.r1.wbsprt.com\/beservice.sk\/wp-content\/uploads\/2024\/01\/safm_konferencia_beservice_2023_15-400x200.jpg 400w\" sizes=\"(max-width: 600px) 100vw, 600px\" \/><\/a>\n            <\/dt><\/dl><div class=\"clear\"><\/div>\n            <div class=\"clear\"><\/div>\n        <\/div>\n\n<p>Kompletn\u00e9 fotografie z konferencie si m\u00f4\u017eete pozrie\u0165 na odkaze: <a href=\"https:\/\/safm.pixieset.com\">https:\/\/safm.pixieset.com<\/a><\/p>\n","protected":false},"excerpt":{"rendered":"<p>V d\u0148och 19. a 20.9.2023 sme sa op\u00e4tovne ako ka\u017ed\u00fd rok z\u00fa\u010dastnili na 12. ro\u010dn\u00edku konferencie \u201eDNI FM 2023\u201c ktor\u00fa organizovala &#8230;<\/p>\n","protected":false},"author":2,"featured_media":2143,"comment_status":"closed","ping_status":"open","sticky":false,"template":"","format":"standard","meta":{"_mi_skip_tracking":false,"_monsterinsights_sitenote_active":false,"_monsterinsights_sitenote_note":"","_monsterinsights_sitenote_category":0,"footnotes":""},"categories":[55],"tags":[],"yoast_head":"<!-- This site is optimized with the Yoast SEO plugin v20.10 - https:\/\/yoast.com\/wordpress\/plugins\/seo\/ -->\n<title>DNI FACILITY MANAGEMENTU 2023 - beservice.sk<\/title>\n<meta name=\"description\" content=\"V d\u0148och 19. a 20.9.2023 sme sa op\u00e4tovne ako ka\u017ed\u00fd rok z\u00fa\u010dastnili na 12. ro\u010dn\u00edku konferencie \u201eDNI FM 2023\u201c ktor\u00fa organizovala SLOVENSK\u00c1 ASOCI\u00c1CIA FACILITY MANAGEMENTU \u2013 SAFM v priestoroch hotela Double Tree by Hilton, Bratislava...\" \/>\n<meta name=\"robots\" content=\"index, follow, max-snippet:-1, max-image-preview:large, max-video-preview:-1\" \/>\n<link rel=\"canonical\" href=\"https:\/\/beservice.sk\/dni-facility-managementu-2023\/\" \/>\n<meta property=\"og:locale\" content=\"sk_SK\" \/>\n<meta property=\"og:type\" content=\"article\" \/>\n<meta property=\"og:title\" content=\"DNI FACILITY MANAGEMENTU 2023 - beservice.sk\" \/>\n<meta property=\"og:description\" content=\"V d\u0148och 19. a 20.9.2023 sme sa op\u00e4tovne ako ka\u017ed\u00fd rok z\u00fa\u010dastnili na 12. ro\u010dn\u00edku konferencie \u201eDNI FM 2023\u201c ktor\u00fa organizovala SLOVENSK\u00c1 ASOCI\u00c1CIA FACILITY MANAGEMENTU \u2013 SAFM v priestoroch hotela Double Tree by Hilton, Bratislava...\" \/>\n<meta property=\"og:url\" content=\"https:\/\/beservice.sk\/dni-facility-managementu-2023\/\" \/>\n<meta property=\"og:site_name\" content=\"beservice.sk\" \/>\n<meta property=\"article:published_time\" content=\"2024-01-31T08:07:53+00:00\" \/>\n<meta property=\"article:modified_time\" content=\"2024-01-31T11:04:09+00:00\" \/>\n<meta property=\"og:image\" content=\"https:\/\/beservice.sk\/wp-content\/uploads\/2024\/01\/safm_konferencia_beservice_2023_a.jpg\" \/>\n\t<meta property=\"og:image:width\" content=\"800\" \/>\n\t<meta property=\"og:image:height\" content=\"600\" \/>\n\t<meta property=\"og:image:type\" content=\"image\/jpeg\" \/>\n<meta name=\"author\" content=\"dobrovic\" \/>\n<meta name=\"twitter:card\" content=\"summary_large_image\" \/>\n<meta name=\"twitter:label1\" content=\"Autor\" \/>\n\t<meta name=\"twitter:data1\" content=\"dobrovic\" \/>\n\t<meta name=\"twitter:label2\" content=\"Predpokladan\u00fd \u010das \u010d\u00edtania\" \/>\n\t<meta name=\"twitter:data2\" content=\"1 min\u00fata\" \/>\n<script type=\"application\/ld+json\" class=\"yoast-schema-graph\">{\"@context\":\"https:\/\/schema.org\",\"@graph\":[{\"@type\":\"WebPage\",\"@id\":\"https:\/\/beservice.sk\/dni-facility-managementu-2023\/\",\"url\":\"https:\/\/beservice.sk\/dni-facility-managementu-2023\/\",\"name\":\"DNI FACILITY MANAGEMENTU 2023 - beservice.sk\",\"isPartOf\":{\"@id\":\"https:\/\/beservice.sk\/#website\"},\"datePublished\":\"2024-01-31T08:07:53+00:00\",\"dateModified\":\"2024-01-31T11:04:09+00:00\",\"author\":{\"@id\":\"https:\/\/beservice.sk\/#\/schema\/person\/def9e75b0110ce8571c06ab937b59e2f\"},\"description\":\"V d\u0148och 19. a 20.9.2023 sme sa op\u00e4tovne ako ka\u017ed\u00fd rok z\u00fa\u010dastnili na 12. ro\u010dn\u00edku konferencie \u201eDNI FM 2023\u201c ktor\u00fa organizovala SLOVENSK\u00c1 ASOCI\u00c1CIA FACILITY MANAGEMENTU \u2013 SAFM v priestoroch hotela Double Tree by Hilton, Bratislava...\",\"breadcrumb\":{\"@id\":\"https:\/\/beservice.sk\/dni-facility-managementu-2023\/#breadcrumb\"},\"inLanguage\":\"sk-SK\",\"potentialAction\":[{\"@type\":\"ReadAction\",\"target\":[\"https:\/\/beservice.sk\/dni-facility-managementu-2023\/\"]}]},{\"@type\":\"BreadcrumbList\",\"@id\":\"https:\/\/beservice.sk\/dni-facility-managementu-2023\/#breadcrumb\",\"itemListElement\":[{\"@type\":\"ListItem\",\"position\":1,\"name\":\"Home\",\"item\":\"https:\/\/beservice.sk\/\"},{\"@type\":\"ListItem\",\"position\":2,\"name\":\"DNI FACILITY MANAGEMENTU 2023\"}]},{\"@type\":\"WebSite\",\"@id\":\"https:\/\/beservice.sk\/#website\",\"url\":\"https:\/\/beservice.sk\/\",\"name\":\"beservice.sk\",\"description\":\"Spo\u013eahliv\u00fd partner v oblasti \u00fadr\u017eby a servisu obvodov\u00fdch pl\u00e1\u0161\u0165ov a v\u00fdpln\u00ed stavebn\u00fdch otvorov\",\"potentialAction\":[{\"@type\":\"SearchAction\",\"target\":{\"@type\":\"EntryPoint\",\"urlTemplate\":\"https:\/\/beservice.sk\/?s={search_term_string}\"},\"query-input\":\"required name=search_term_string\"}],\"inLanguage\":\"sk-SK\"},{\"@type\":\"Person\",\"@id\":\"https:\/\/beservice.sk\/#\/schema\/person\/def9e75b0110ce8571c06ab937b59e2f\",\"name\":\"dobrovic\",\"image\":{\"@type\":\"ImageObject\",\"inLanguage\":\"sk-SK\",\"@id\":\"https:\/\/beservice.sk\/#\/schema\/person\/image\/\",\"url\":\"https:\/\/secure.gravatar.com\/avatar\/f774514d9c84f530a0f38a9c856911e1?s=96&d=mm&r=g\",\"contentUrl\":\"https:\/\/secure.gravatar.com\/avatar\/f774514d9c84f530a0f38a9c856911e1?s=96&d=mm&r=g\",\"caption\":\"dobrovic\"},\"url\":\"https:\/\/d.r1.wbsprt.com\/beservice.sk\/author\/dobrovic\/\"}]}<\/script>\n<!-- \/ Yoast SEO plugin. -->","yoast_head_json":{"title":"DNI FACILITY MANAGEMENTU 2023 - beservice.sk","description":"V d\u0148och 19. a 20.9.2023 sme sa op\u00e4tovne ako ka\u017ed\u00fd rok z\u00fa\u010dastnili na 12. ro\u010dn\u00edku konferencie \u201eDNI FM 2023\u201c ktor\u00fa organizovala SLOVENSK\u00c1 ASOCI\u00c1CIA FACILITY MANAGEMENTU \u2013 SAFM v priestoroch hotela Double Tree by Hilton, Bratislava...","robots":{"index":"index","follow":"follow","max-snippet":"max-snippet:-1","max-image-preview":"max-image-preview:large","max-video-preview":"max-video-preview:-1"},"canonical":"https:\/\/beservice.sk\/dni-facility-managementu-2023\/","og_locale":"sk_SK","og_type":"article","og_title":"DNI FACILITY MANAGEMENTU 2023 - beservice.sk","og_description":"V d\u0148och 19. a 20.9.2023 sme sa op\u00e4tovne ako ka\u017ed\u00fd rok z\u00fa\u010dastnili na 12. ro\u010dn\u00edku konferencie \u201eDNI FM 2023\u201c ktor\u00fa organizovala SLOVENSK\u00c1 ASOCI\u00c1CIA FACILITY MANAGEMENTU \u2013 SAFM v priestoroch hotela Double Tree by Hilton, Bratislava...","og_url":"https:\/\/beservice.sk\/dni-facility-managementu-2023\/","og_site_name":"beservice.sk","article_published_time":"2024-01-31T08:07:53+00:00","article_modified_time":"2024-01-31T11:04:09+00:00","og_image":[{"width":800,"height":600,"url":"https:\/\/beservice.sk\/wp-content\/uploads\/2024\/01\/safm_konferencia_beservice_2023_a.jpg","type":"image\/jpeg"}],"author":"dobrovic","twitter_card":"summary_large_image","twitter_misc":{"Autor":"dobrovic","Predpokladan\u00fd \u010das \u010d\u00edtania":"1 min\u00fata"},"schema":{"@context":"https:\/\/schema.org","@graph":[{"@type":"WebPage","@id":"https:\/\/beservice.sk\/dni-facility-managementu-2023\/","url":"https:\/\/beservice.sk\/dni-facility-managementu-2023\/","name":"DNI FACILITY MANAGEMENTU 2023 - beservice.sk","isPartOf":{"@id":"https:\/\/beservice.sk\/#website"},"datePublished":"2024-01-31T08:07:53+00:00","dateModified":"2024-01-31T11:04:09+00:00","author":{"@id":"https:\/\/beservice.sk\/#\/schema\/person\/def9e75b0110ce8571c06ab937b59e2f"},"description":"V d\u0148och 19. a 20.9.2023 sme sa op\u00e4tovne ako ka\u017ed\u00fd rok z\u00fa\u010dastnili na 12. ro\u010dn\u00edku konferencie \u201eDNI FM 2023\u201c ktor\u00fa organizovala SLOVENSK\u00c1 ASOCI\u00c1CIA FACILITY MANAGEMENTU \u2013 SAFM v priestoroch hotela Double Tree by Hilton, Bratislava...","breadcrumb":{"@id":"https:\/\/beservice.sk\/dni-facility-managementu-2023\/#breadcrumb"},"inLanguage":"sk-SK","potentialAction":[{"@type":"ReadAction","target":["https:\/\/beservice.sk\/dni-facility-managementu-2023\/"]}]},{"@type":"BreadcrumbList","@id":"https:\/\/beservice.sk\/dni-facility-managementu-2023\/#breadcrumb","itemListElement":[{"@type":"ListItem","position":1,"name":"Home","item":"https:\/\/beservice.sk\/"},{"@type":"ListItem","position":2,"name":"DNI FACILITY MANAGEMENTU 2023"}]},{"@type":"WebSite","@id":"https:\/\/beservice.sk\/#website","url":"https:\/\/beservice.sk\/","name":"beservice.sk","description":"Spo\u013eahliv\u00fd partner v oblasti \u00fadr\u017eby a servisu obvodov\u00fdch pl\u00e1\u0161\u0165ov a v\u00fdpln\u00ed stavebn\u00fdch otvorov","potentialAction":[{"@type":"SearchAction","target":{"@type":"EntryPoint","urlTemplate":"https:\/\/beservice.sk\/?s={search_term_string}"},"query-input":"required name=search_term_string"}],"inLanguage":"sk-SK"},{"@type":"Person","@id":"https:\/\/beservice.sk\/#\/schema\/person\/def9e75b0110ce8571c06ab937b59e2f","name":"dobrovic","image":{"@type":"ImageObject","inLanguage":"sk-SK","@id":"https:\/\/beservice.sk\/#\/schema\/person\/image\/","url":"https:\/\/secure.gravatar.com\/avatar\/f774514d9c84f530a0f38a9c856911e1?s=96&d=mm&r=g","contentUrl":"https:\/\/secure.gravatar.com\/avatar\/f774514d9c84f530a0f38a9c856911e1?s=96&d=mm&r=g","caption":"dobrovic"},"url":"https:\/\/d.r1.wbsprt.com\/beservice.sk\/author\/dobrovic\/"}]}},"_links":{"self":[{"href":"https:\/\/d.r1.wbsprt.com\/beservice.sk\/wp-json\/wp\/v2\/posts\/2120"}],"collection":[{"href":"https:\/\/d.r1.wbsprt.com\/beservice.sk\/wp-json\/wp\/v2\/posts"}],"about":[{"href":"https:\/\/d.r1.wbsprt.com\/beservice.sk\/wp-json\/wp\/v2\/types\/post"}],"author":[{"embeddable":true,"href":"https:\/\/d.r1.wbsprt.com\/beservice.sk\/wp-json\/wp\/v2\/users\/2"}],"replies":[{"embeddable":true,"href":"https:\/\/d.r1.wbsprt.com\/beservice.sk\/wp-json\/wp\/v2\/comments?post=2120"}],"version-history":[{"count":6,"href":"https:\/\/d.r1.wbsprt.com\/beservice.sk\/wp-json\/wp\/v2\/posts\/2120\/revisions"}],"predecessor-version":[{"id":2173,"href":"https:\/\/d.r1.wbsprt.com\/beservice.sk\/wp-json\/wp\/v2\/posts\/2120\/revisions\/2173"}],"wp:featuredmedia":[{"embeddable":true,"href":"https:\/\/d.r1.wbsprt.com\/beservice.sk\/wp-json\/wp\/v2\/media\/2143"}],"wp:attachment":[{"href":"https:\/\/d.r1.wbsprt.com\/beservice.sk\/wp-json\/wp\/v2\/media?parent=2120"}],"wp:term":[{"taxonomy":"category","embeddable":true,"href":"https:\/\/d.r1.wbsprt.com\/beservice.sk\/wp-json\/wp\/v2\/categories?post=2120"},{"taxonomy":"post_tag","embeddable":true,"href":"https:\/\/d.r1.wbsprt.com\/beservice.sk\/wp-json\/wp\/v2\/tags?post=2120"}],"curies":[{"name":"wp","href":"https:\/\/api.w.org\/{rel}","templated":true}]}}